{"id":12334,"date":"2026-09-04T09:21:03","date_gmt":"2026-09-04T06:21:03","guid":{"rendered":"https:\/\/tampereenkauppakamari.fi\/?p=12334"},"modified":"2026-09-04T09:21:04","modified_gmt":"2026-09-04T06:21:04","slug":"pirkanmaan-kasvu-syntyy-myos-pk-yrityksissa","status":"publish","type":"post","link":"https:\/\/tampereenkauppakamari.fi\/en\/pirkanmaan-kasvu-syntyy-myos-pk-yrityksissa\/","title":{"rendered":"Pirkanmaan kasvu syntyy my\u00f6s pk-yrityksiss\u00e4"},"content":{"rendered":"<figure class=\"wp-block-image size-full\"><img loading=\"lazy\" decoding=\"async\" width=\"700\" height=\"400\" src=\"https:\/\/tampereenkauppakamari.fi\/wp-content\/uploads\/2026\/09\/Pirkanmaan-karjet-kasvu-syntyy-myos-pk-700x400-1.png\" alt=\"\" class=\"wp-image-12337\" srcset=\"https:\/\/tampereenkauppakamari.fi\/wp-content\/uploads\/2026\/09\/Pirkanmaan-karjet-kasvu-syntyy-myos-pk-700x400-1.png 700w, https:\/\/tampereenkauppakamari.fi\/wp-content\/uploads\/2026\/09\/Pirkanmaan-karjet-kasvu-syntyy-myos-pk-700x400-1-300x171.png 300w, https:\/\/tampereenkauppakamari.fi\/wp-content\/uploads\/2026\/09\/Pirkanmaan-karjet-kasvu-syntyy-myos-pk-700x400-1-18x10.png 18w\" sizes=\"auto, (max-width: 700px) 100vw, 700px\" \/><figcaption class=\"wp-element-caption\"><em>Pirkanmaan yhteisten hallitusohjelmatavoitteiden tarkoituksena on tuoda esiin valtakunnallisesti p\u00e4\u00e4tett\u00e4vi\u00e4 asioita, joilla voidaan varmistaa kasvua koko Suomelle.<\/em><\/figcaption><\/figure>\n\n\n\n<p class=\"wp-block-paragraph\" style=\"margin-top:var(--wp--preset--spacing--50);margin-bottom:var(--wp--preset--spacing--50)\"><strong>Pirkanmaan yhteiset hallitusohjelmatavoitteet kokoavat yhteen asioita, joilla voidaan vahvistaa maakunnan kasvua, kilpailukyky\u00e4 ja elinvoimaa. Pk-yritysten n\u00e4k\u00f6kulmasta on t\u00e4rke\u00e4\u00e4, ett\u00e4 tulevissa valtakunnallisissa p\u00e4\u00e4t\u00f6ksiss\u00e4 tunnistetaan Pirkanmaan potentiaali ja vahvistetaan niit\u00e4 edellytyksi\u00e4, joiden varaan maakunnan kasvu rakentuu.<\/strong><\/p>\n\n\n\n<p class=\"wp-block-paragraph\" style=\"margin-top:var(--wp--preset--spacing--50);margin-bottom:var(--wp--preset--spacing--50)\">Pirkanmaan Yritt\u00e4jien toimitusjohtaja Jenni P\u00f6ll\u00e4nen pit\u00e4\u00e4 t\u00e4rke\u00e4n\u00e4, ett\u00e4 Pirkanmaan kasvua tarkastellaan osana koko Suomen kasvua.<\/p>\n\n\n\n<p class=\"wp-block-paragraph\" style=\"margin-top:var(--wp--preset--spacing--50);margin-bottom:var(--wp--preset--spacing--50)\">\u201dPirkanmaalla on vahva ja monipuolinen yrityskanta sek\u00e4 paljon osaamista, jonka varaan voidaan rakentaa uutta kasvua. Jotta t\u00e4m\u00e4 potentiaali saadaan t\u00e4ysim\u00e4\u00e4r\u00e4isesti k\u00e4ytt\u00f6\u00f6n, tarvitaan valtakunnallisia p\u00e4\u00e4t\u00f6ksi\u00e4 kasvun tueksi. Kun Pirkanmaan yrityksill\u00e4 on edellytykset kasvaa, investoida ja ty\u00f6llist\u00e4\u00e4, vahvistuu samalla koko Suomen talous.\u201d<\/p>\n\n\n\n<p class=\"wp-block-paragraph\" style=\"margin-top:var(--wp--preset--spacing--50);margin-bottom:var(--wp--preset--spacing--50)\">Suuret investoinnit ovat yksi keskeinen mahdollisuus. Pirkanmaalla on vahva teollinen perusta, teknologiaosaamista, korkeakouluja ja monipuolinen pk-yrityskanta. N\u00e4iden ymp\u00e4rille on mahdollista rakentaa uusia arvoketjuja, vienti\u00e4 ja ty\u00f6paikkoja. Jotta t\u00e4m\u00e4 potentiaali toteutuu, on huolehdittava siit\u00e4, ett\u00e4 pk-yrityksill\u00e4 on mahdollisuus p\u00e4\u00e4st\u00e4 mukaan investointien toteutukseen ja niiden ymp\u00e4rille syntyv\u00e4\u00e4n liiketoimintaan.<\/p>\n\n\n\n<p class=\"wp-block-paragraph\" style=\"margin-top:var(--wp--preset--spacing--50);margin-bottom:var(--wp--preset--spacing--50)\">T\u00e4m\u00e4 edellytt\u00e4\u00e4 toimivia yritysekosysteemej\u00e4, avointa yhteisty\u00f6t\u00e4 ja my\u00f6s julkisia hankintoja, jotka mahdollistavat pk-yritysten osallistumisen. Kun hankkeita suunnitellaan ja kilpailutuksia toteutetaan tavalla, joka huomioi erikokoiset yritykset, syntyy markkinoille enemm\u00e4n kilpailua ja uusia kasvun mahdollisuuksia. Samalla julkisten investointien vaikutus j\u00e4\u00e4 laajemmin Suomeen.<\/p>\n\n\n\n<p class=\"wp-block-paragraph\" style=\"margin-top:var(--wp--preset--spacing--50);margin-bottom:var(--wp--preset--spacing--50)\">Uudistuva teollisuus ja kaksik\u00e4ytt\u00f6teknologiat ovat Pirkanmaalle erityisi\u00e4 mahdollisuuksia. Maakunnassa yhdistyv\u00e4t teknologinen osaaminen, tutkimus, korkeakoulut ja yritykset tavalla, joka tarjoaa Suomelle vahvan alustan uuden teknologian ja vientiliiketoiminnan kehitt\u00e4miseen. TKI-rahoituksen rinnalla tarvitaan ratkaisuja, joilla tutkimuksesta syntyv\u00e4 osaaminen siirtyy tehokkaammin yrityksiin ja kansainv\u00e4lisille markkinoille. Pk-yritysten p\u00e4\u00e4sy mukaan n\u00e4ihin ekosysteemeihin on t\u00e4ss\u00e4 ratkaisevaa.<\/p>\n\n\n\n<h2 class=\"wp-block-heading\" style=\"margin-top:var(--wp--preset--spacing--50);margin-bottom:var(--wp--preset--spacing--50)\">Saavutettavuuteen teht\u00e4v\u00e4t ratkaisut ovat investointeja Suomen kilpailukykyyn<\/h2>\n\n\n\n<p class=\"wp-block-paragraph\" style=\"margin-top:var(--wp--preset--spacing--50);margin-bottom:var(--wp--preset--spacing--50)\">P\u00e4\u00e4radan kapasiteetin lis\u00e4\u00e4minen, valtateiden 3 ja 12 kehitt\u00e4minen, j\u00e4rjestelyratapihan ratkaisut sek\u00e4 Tampere-Pirkkalan lentoaseman aseman vahvistaminen parantavat Pirkanmaan lis\u00e4ksi koko Suomen elinkeinoel\u00e4m\u00e4n toimintaedellytyksi\u00e4. Sujuvat yhteydet tukevat vienti\u00e4, ty\u00f6voiman liikkuvuutta ja investointien sijoittumista. Niill\u00e4 on merkityst\u00e4 my\u00f6s huoltovarmuudelle.<\/p>\n\n\n\n<p class=\"wp-block-paragraph\" style=\"margin-top:var(--wp--preset--spacing--50);margin-bottom:var(--wp--preset--spacing--50)\">Kasvun toinen perusedellytys on osaaminen. Yritysten kasvua rajoittaa yh\u00e4 useammin se, ettei tarvittavaa, osaavaa ty\u00f6voimaa l\u00f6ydy. Ammatillisen koulutuksen ja korkeakoulutuksen on<\/p>\n\n\n\n<p class=\"wp-block-paragraph\" style=\"margin-top:var(--wp--preset--spacing--50);margin-bottom:var(--wp--preset--spacing--50)\">vastattava paremmin ty\u00f6el\u00e4m\u00e4n ja yritysten tarpeisiin, ja ty\u00f6- ja koulutusper\u00e4ist\u00e4 maahanmuuttoa on teht\u00e4v\u00e4 sujuvammaksi. My\u00f6s jatkuvan oppimisen ratkaisuilla voidaan vahvistaa yritysten mahdollisuuksia uudistaa osaamistaan. Pirkanmaalla koulutuksen, tutkimuksen ja yritysten yhteisty\u00f6lle on hyv\u00e4t edellytykset, ja t\u00e4t\u00e4 yhteisty\u00f6t\u00e4 kannattaa vahvistaa valtakunnallisilla ratkaisuilla.<\/p>\n\n\n\n<p class=\"wp-block-paragraph\" style=\"margin-top:var(--wp--preset--spacing--50);margin-bottom:var(--wp--preset--spacing--50)\">Pirkanmaan Yritt\u00e4jien hallituksen puheenjohtaja Jari Haapaniemi nostaa esiin yhteisen tekemisen merkityksen.<\/p>\n\n\n\n<p class=\"wp-block-paragraph\" style=\"margin-top:var(--wp--preset--spacing--50);margin-bottom:var(--wp--preset--spacing--50)\">\u201dPirkanmaalla on hyv\u00e4 mahdollisuus olla yksi Suomen kasvun moottoreista. Se vaatii kuitenkin pitk\u00e4j\u00e4nteisi\u00e4 p\u00e4\u00e4t\u00f6ksi\u00e4 ja yhteisty\u00f6t\u00e4 yli organisaatio- ja hallintorajojen. Haluamme olla mukana rakentamassa ratkaisuja, joilla yritysten kasvuedellytyksi\u00e4 vahvistetaan ja Pirkanmaan potentiaali saadaan mahdollisimman hyvin koko Suomen hy\u00f6dyksi.\u201d<\/p>\n\n\n\n<p class=\"wp-block-paragraph\" style=\"margin-top:var(--wp--preset--spacing--50);margin-bottom:var(--wp--preset--spacing--50)\">My\u00f6s vetovoima on osa kasvupolitiikkaa. Yritykset tarvitsevat osaajia ja osaajat tarvitsevat ymp\u00e4rist\u00f6n, jossa on hyv\u00e4 asua, ty\u00f6skennell\u00e4 ja yritt\u00e4\u00e4. Kasvava kaupunkiseutu, toimiva liikenne, hyv\u00e4t palvelut sek\u00e4 vahva tapahtuma- ja kulttuuritarjonta tukevat Pirkanmaan kyky\u00e4 houkutella osaajia, yrityksi\u00e4 ja investointeja.<\/p>\n\n\n\n<p class=\"wp-block-paragraph\" style=\"margin-top:var(--wp--preset--spacing--50);margin-bottom:var(--wp--preset--spacing--50)\">Pirkanmaan yhteiset hallitusohjelmatavoitteet ovat ennen kaikkea esitys siit\u00e4, miten maakunnan vahvuuksia voidaan vahvistaa valtakunnallisilla p\u00e4\u00e4t\u00f6ksill\u00e4. Tulevalla hallituksella on mahdollisuus tehd\u00e4 ratkaisuja, jotka vauhdittavat investointeja, parantavat osaamisen saatavuutta ja vahvistavat yritysten kasvukyky\u00e4.<\/p>\n\n\n\n<p class=\"wp-block-paragraph\" style=\"margin-top:var(--wp--preset--spacing--50);margin-bottom:var(--wp--preset--spacing--50)\">Haluamme varmistaa, ett\u00e4 pk-yritysten \u00e4\u00e4ni kuuluu valtakunnallisessa p\u00e4\u00e4t\u00f6ksenteossa. Pirkanmaalla on kyky kasvaa ja uudistua, mutta sen tueksi tarvitaan p\u00e4\u00e4t\u00f6ksi\u00e4, jotka vahvistavat yritysten mahdollisuuksia investoida, ty\u00f6llist\u00e4\u00e4 ja luoda kasvua. Kun Pirkanmaa kasvaa, syntyy kasvua, ty\u00f6t\u00e4 ja hyvinvointia koko Suomeen.<\/p>\n\n\n\n<p class=\"wp-block-paragraph\" style=\"margin-top:var(--wp--preset--spacing--50);margin-bottom:var(--wp--preset--spacing--50)\"><strong>PIRKANMAAN HALLITUSOHJELMATAVOITTEET 2027-2031 <\/strong><br><a href=\"https:\/\/pirkanmaankarjet.fi\/wp-content\/uploads\/2026\/05\/Pirkanmaan-karjet_HO-tavoitteet_04-2026_digi.pdf\" target=\"_blank\" rel=\"noreferrer noopener\">Pirkanmaa on Suomen kasvun veturi ja osaamisen solmukohta<\/a><\/p>\n\n\n\n<p class=\"wp-block-paragraph\" style=\"margin-top:var(--wp--preset--spacing--50);margin-bottom:var(--wp--preset--spacing--50)\"><em>Pirkanmaan yhteiseen edunvalvontaryhm\u00e4\u00e4n kuuluvat Tampereen kaupunki, Pirkanmaan liitto, Tampereen kaupunkiseutu, Tampereen kauppakamari, Pirkanmaan Yritt\u00e4j\u00e4t, Business Tampere, Tampereen korkeakouluyhteis\u00f6 ja Pirkanmaan hyvinvointialue. Pirkanmaan yhteisten hallitusohjelmatavoitteiden tarkoituksena on tuoda esiin valtakunnallisesti p\u00e4\u00e4tett\u00e4vi\u00e4 asioita, joilla voidaan varmistaa kasvua koko Suomelle.<\/em><\/p>\n\n\n\n<p class=\"wp-block-paragraph\" style=\"margin-top:var(--wp--preset--spacing--50);margin-bottom:var(--wp--preset--spacing--50)\"><strong>Lis\u00e4tiedot:<\/strong><br>Jenni P\u00f6ll\u00e4nen <br>Pirkanmaan Yritt\u00e4j\u00e4t <br>Toimitusjohtaja <br>+358 46 876 3394 <br>jenni.pollanen@yrittajat.fi<\/p>","protected":false},"excerpt":{"rendered":"<p>Pirkanmaan yhteiset hallitusohjelmatavoitteet kokoavat yhteen asioita, joilla voidaan vahvistaa maakunnan kasvua, kilpailukyky\u00e4 ja elinvoimaa. Pk-yritysten n\u00e4k\u00f6kulmasta on t\u00e4rke\u00e4\u00e4, ett\u00e4 tulevissa valtakunnallisissa p\u00e4\u00e4t\u00f6ksiss\u00e4 tunnistetaan Pirkanmaan potentiaali ja vahvistetaan niit\u00e4 edellytyksi\u00e4, joiden varaan maakunnan kasvu rakentuu.<\/p>","protected":false},"author":24,"featured_media":12337,"comment_status":"closed","ping_status":"closed","sticky":false,"template":"","format":"standard","meta":{"_uag_custom_page_level_css":"","site-sidebar-layout":"default","site-content-layout":"","ast-site-content-layout":"default","site-content-style":"default","site-sidebar-style":"default","ast-global-header-display":"","ast-banner-title-visibility":"","ast-main-header-display":"","ast-hfb-above-header-display":"","ast-hfb-below-header-display":"","ast-hfb-mobile-header-display":"","site-post-title":"","ast-breadcrumbs-content":"","ast-featured-img":"","footer-sml-layout":"","ast-disable-related-posts":"","theme-transparent-header-meta":"","adv-header-id-meta":"","stick-header-meta":"","header-above-stick-meta":"","header-main-stick-meta":"","header-below-stick-meta":"","astra-migrate-meta-layouts":"default","ast-page-background-enabled":"default","ast-page-background-meta":{"desktop":{"background-color":"var(--ast-global-color-4)","background-image":"","background-repeat":"repeat","background-position":"center center","background-size":"auto","background-attachment":"scroll","background-type":"","background-media":"","overlay-type":"","overlay-color":"","overlay-opacity":"","overlay-gradient":""},"tablet":{"background-color":"","background-image":"","background-repeat":"repeat","background-position":"center center","background-size":"auto","background-attachment":"scroll","background-type":"","background-media":"","overlay-type":"","overlay-color":"","overlay-opacity":"","overlay-gradient":""},"mobile":{"background-color":"","background-image":"","background-repeat":"repeat","background-position":"center center","background-size":"auto","background-attachment":"scroll","background-type":"","background-media":"","overlay-type":"","overlay-color":"","overlay-opacity":"","overlay-gradient":""}},"ast-content-background-meta":{"desktop":{"background-color":"var(--ast-global-color-5)","background-image":"","background-repeat":"repeat","background-position":"center center","background-size":"auto","background-attachment":"scroll","background-type":"","background-media":"","overlay-type":"","overlay-color":"","overlay-opacity":"","overlay-gradient":""},"tablet":{"background-color":"var(--ast-global-color-5)","background-image":"","background-repeat":"repeat","background-position":"center center","background-size":"auto","background-attachment":"scroll","background-type":"","background-media":"","overlay-type":"","overlay-color":"","overlay-opacity":"","overlay-gradient":""},"mobile":{"background-color":"var(--ast-global-color-5)","background-image":"","background-repeat":"repeat","background-position":"center center","background-size":"auto","background-attachment":"scroll","background-type":"","background-media":"","overlay-type":"","overlay-color":"","overlay-opacity":"","overlay-gradient":""}},"footnotes":""},"categories":[10],"tags":[326,100,325,137,103],"class_list":["post-12334","post","type-post","status-publish","format-standard","has-post-thumbnail","hentry","category-uutiset","tag-kasvu","tag-pirkanmaa","tag-pk-yritykset","tag-talous","tag-vaikuttaminen"],"yoast_head":"<!-- This site is optimized with the Yoast SEO plugin v28.3 - https:\/\/yoast.com\/product\/yoast-seo-wordpress\/ -->\n<title>Pirkanmaan kasvu syntyy my\u00f6s pk-yrityksiss\u00e4 -<\/title>\n<meta name=\"robots\" content=\"index, follow, max-snippet:-1, max-image-preview:large, max-video-preview:-1\" \/>\n<link rel=\"canonical\" href=\"https:\/\/tampereenkauppakamari.fi\/en\/pirkanmaan-kasvu-syntyy-myos-pk-yrityksissa\/\" \/>\n<meta property=\"og:locale\" content=\"en_US\" \/>\n<meta property=\"og:type\" content=\"article\" \/>\n<meta property=\"og:title\" content=\"Pirkanmaan kasvu syntyy my\u00f6s pk-yrityksiss\u00e4 -\" \/>\n<meta property=\"og:description\" content=\"Pirkanmaan yhteiset hallitusohjelmatavoitteet kokoavat yhteen asioita, joilla voidaan vahvistaa maakunnan kasvua, kilpailukyky\u00e4 ja elinvoimaa. Pk-yritysten n\u00e4k\u00f6kulmasta on t\u00e4rke\u00e4\u00e4, ett\u00e4 tulevissa valtakunnallisissa p\u00e4\u00e4t\u00f6ksiss\u00e4 tunnistetaan Pirkanmaan potentiaali ja vahvistetaan niit\u00e4 edellytyksi\u00e4, joiden varaan maakunnan kasvu rakentuu.\" \/>\n<meta property=\"og:url\" content=\"https:\/\/tampereenkauppakamari.fi\/en\/pirkanmaan-kasvu-syntyy-myos-pk-yrityksissa\/\" \/>\n<meta property=\"article:publisher\" content=\"https:\/\/www.facebook.com\/tampereenkauppakamar\" \/>\n<meta property=\"article:published_time\" content=\"2026-09-04T06:21:03+00:00\" \/>\n<meta property=\"article:modified_time\" content=\"2026-09-04T06:21:04+00:00\" \/>\n<meta property=\"og:image\" content=\"https:\/\/tampereenkauppakamari.fi\/wp-content\/uploads\/2026\/09\/Pirkanmaan-karjet-kasvu-syntyy-myos-pk-700x400-1.png\" \/>\n\t<meta property=\"og:image:width\" content=\"700\" \/>\n\t<meta property=\"og:image:height\" content=\"400\" \/>\n\t<meta property=\"og:image:type\" content=\"image\/png\" \/>\n<meta name=\"author\" content=\"Elli Tawast\" \/>\n<meta name=\"twitter:card\" content=\"summary_large_image\" \/>\n<meta name=\"twitter:label1\" content=\"Written by\" \/>\n\t<meta name=\"twitter:data1\" content=\"Elli Tawast\" \/>\n\t<meta name=\"twitter:label2\" content=\"Est. reading time\" \/>\n\t<meta name=\"twitter:data2\" content=\"4 minutes\" \/>\n<script type=\"application\/ld+json\" class=\"yoast-schema-graph\">{\"@context\":\"https:\\\/\\\/schema.org\",\"@graph\":[{\"@type\":\"Article\",\"@id\":\"https:\\\/\\\/tampereenkauppakamari.fi\\\/pirkanmaan-kasvu-syntyy-myos-pk-yrityksissa\\\/#article\",\"isPartOf\":{\"@id\":\"https:\\\/\\\/tampereenkauppakamari.fi\\\/pirkanmaan-kasvu-syntyy-myos-pk-yrityksissa\\\/\"},\"author\":{\"name\":\"Elli Tawast\",\"@id\":\"https:\\\/\\\/tampereenkauppakamari.fi\\\/#\\\/schema\\\/person\\\/348314e6862380df4af1d249d9619161\"},\"headline\":\"Pirkanmaan kasvu syntyy my\u00f6s pk-yrityksiss\u00e4\",\"datePublished\":\"2026-09-04T06:21:03+00:00\",\"dateModified\":\"2026-09-04T06:21:04+00:00\",\"mainEntityOfPage\":{\"@id\":\"https:\\\/\\\/tampereenkauppakamari.fi\\\/pirkanmaan-kasvu-syntyy-myos-pk-yrityksissa\\\/\"},\"wordCount\":656,\"publisher\":{\"@id\":\"https:\\\/\\\/tampereenkauppakamari.fi\\\/#organization\"},\"image\":{\"@id\":\"https:\\\/\\\/tampereenkauppakamari.fi\\\/pirkanmaan-kasvu-syntyy-myos-pk-yrityksissa\\\/#primaryimage\"},\"thumbnailUrl\":\"https:\\\/\\\/tampereenkauppakamari.fi\\\/wp-content\\\/uploads\\\/2026\\\/09\\\/Pirkanmaan-karjet-kasvu-syntyy-myos-pk-700x400-1.png\",\"keywords\":[\"kasvu\",\"Pirkanmaa\",\"pk-yritykset\",\"talous\",\"vaikuttaminen\"],\"articleSection\":[\"Uutiset\"],\"inLanguage\":\"en-US\"},{\"@type\":\"WebPage\",\"@id\":\"https:\\\/\\\/tampereenkauppakamari.fi\\\/pirkanmaan-kasvu-syntyy-myos-pk-yrityksissa\\\/\",\"url\":\"https:\\\/\\\/tampereenkauppakamari.fi\\\/pirkanmaan-kasvu-syntyy-myos-pk-yrityksissa\\\/\",\"name\":\"Pirkanmaan kasvu syntyy my\u00f6s pk-yrityksiss\u00e4 -\",\"isPartOf\":{\"@id\":\"https:\\\/\\\/tampereenkauppakamari.fi\\\/#website\"},\"primaryImageOfPage\":{\"@id\":\"https:\\\/\\\/tampereenkauppakamari.fi\\\/pirkanmaan-kasvu-syntyy-myos-pk-yrityksissa\\\/#primaryimage\"},\"image\":{\"@id\":\"https:\\\/\\\/tampereenkauppakamari.fi\\\/pirkanmaan-kasvu-syntyy-myos-pk-yrityksissa\\\/#primaryimage\"},\"thumbnailUrl\":\"https:\\\/\\\/tampereenkauppakamari.fi\\\/wp-content\\\/uploads\\\/2026\\\/09\\\/Pirkanmaan-karjet-kasvu-syntyy-myos-pk-700x400-1.png\",\"datePublished\":\"2026-09-04T06:21:03+00:00\",\"dateModified\":\"2026-09-04T06:21:04+00:00\",\"breadcrumb\":{\"@id\":\"https:\\\/\\\/tampereenkauppakamari.fi\\\/pirkanmaan-kasvu-syntyy-myos-pk-yrityksissa\\\/#breadcrumb\"},\"inLanguage\":\"en-US\",\"potentialAction\":[{\"@type\":\"ReadAction\",\"target\":[\"https:\\\/\\\/tampereenkauppakamari.fi\\\/pirkanmaan-kasvu-syntyy-myos-pk-yrityksissa\\\/\"]}]},{\"@type\":\"ImageObject\",\"inLanguage\":\"en-US\",\"@id\":\"https:\\\/\\\/tampereenkauppakamari.fi\\\/pirkanmaan-kasvu-syntyy-myos-pk-yrityksissa\\\/#primaryimage\",\"url\":\"https:\\\/\\\/tampereenkauppakamari.fi\\\/wp-content\\\/uploads\\\/2026\\\/09\\\/Pirkanmaan-karjet-kasvu-syntyy-myos-pk-700x400-1.png\",\"contentUrl\":\"https:\\\/\\\/tampereenkauppakamari.fi\\\/wp-content\\\/uploads\\\/2026\\\/09\\\/Pirkanmaan-karjet-kasvu-syntyy-myos-pk-700x400-1.png\",\"width\":700,\"height\":400},{\"@type\":\"BreadcrumbList\",\"@id\":\"https:\\\/\\\/tampereenkauppakamari.fi\\\/pirkanmaan-kasvu-syntyy-myos-pk-yrityksissa\\\/#breadcrumb\",\"itemListElement\":[{\"@type\":\"ListItem\",\"position\":1,\"name\":\"Home\",\"item\":\"https:\\\/\\\/tampereenkauppakamari.fi\\\/\"},{\"@type\":\"ListItem\",\"position\":2,\"name\":\"Pirkanmaan kasvu syntyy my\u00f6s pk-yrityksiss\u00e4\"}]},{\"@type\":\"WebSite\",\"@id\":\"https:\\\/\\\/tampereenkauppakamari.fi\\\/#website\",\"url\":\"https:\\\/\\\/tampereenkauppakamari.fi\\\/\",\"name\":\"Tampereen kauppakamari\",\"description\":\"\",\"publisher\":{\"@id\":\"https:\\\/\\\/tampereenkauppakamari.fi\\\/#organization\"},\"potentialAction\":[{\"@type\":\"SearchAction\",\"target\":{\"@type\":\"EntryPoint\",\"urlTemplate\":\"https:\\\/\\\/tampereenkauppakamari.fi\\\/?s={search_term_string}\"},\"query-input\":{\"@type\":\"PropertyValueSpecification\",\"valueRequired\":true,\"valueName\":\"search_term_string\"}}],\"inLanguage\":\"en-US\"},{\"@type\":\"Organization\",\"@id\":\"https:\\\/\\\/tampereenkauppakamari.fi\\\/#organization\",\"name\":\"Tampereen kauppakamari\",\"url\":\"https:\\\/\\\/tampereenkauppakamari.fi\\\/\",\"logo\":{\"@type\":\"ImageObject\",\"inLanguage\":\"en-US\",\"@id\":\"https:\\\/\\\/tampereenkauppakamari.fi\\\/#\\\/schema\\\/logo\\\/image\\\/\",\"url\":\"https:\\\/\\\/tampereenkauppakamari.fi\\\/wp-content\\\/uploads\\\/2024\\\/03\\\/cropped-cropped-cropped-TKK-logo.png\",\"contentUrl\":\"https:\\\/\\\/tampereenkauppakamari.fi\\\/wp-content\\\/uploads\\\/2024\\\/03\\\/cropped-cropped-cropped-TKK-logo.png\",\"width\":1780,\"height\":496,\"caption\":\"Tampereen kauppakamari\"},\"image\":{\"@id\":\"https:\\\/\\\/tampereenkauppakamari.fi\\\/#\\\/schema\\\/logo\\\/image\\\/\"},\"sameAs\":[\"https:\\\/\\\/www.facebook.com\\\/tampereenkauppakamar\"]},{\"@type\":\"Person\",\"@id\":\"https:\\\/\\\/tampereenkauppakamari.fi\\\/#\\\/schema\\\/person\\\/348314e6862380df4af1d249d9619161\",\"name\":\"Elli Tawast\",\"sameAs\":[\"http:\\\/\\\/tampereenkauppakamari.fi\"],\"url\":\"https:\\\/\\\/tampereenkauppakamari.fi\\\/en\\\/author\\\/elli-tawast\\\/\"}]}<\/script>\n<!-- \/ Yoast SEO plugin. -->","yoast_head_json":{"title":"Pirkanmaan kasvu syntyy my\u00f6s pk-yrityksiss\u00e4 -","robots":{"index":"index","follow":"follow","max-snippet":"max-snippet:-1","max-image-preview":"max-image-preview:large","max-video-preview":"max-video-preview:-1"},"canonical":"https:\/\/tampereenkauppakamari.fi\/en\/pirkanmaan-kasvu-syntyy-myos-pk-yrityksissa\/","og_locale":"en_US","og_type":"article","og_title":"Pirkanmaan kasvu syntyy my\u00f6s pk-yrityksiss\u00e4 -","og_description":"Pirkanmaan yhteiset hallitusohjelmatavoitteet kokoavat yhteen asioita, joilla voidaan vahvistaa maakunnan kasvua, kilpailukyky\u00e4 ja elinvoimaa. Pk-yritysten n\u00e4k\u00f6kulmasta on t\u00e4rke\u00e4\u00e4, ett\u00e4 tulevissa valtakunnallisissa p\u00e4\u00e4t\u00f6ksiss\u00e4 tunnistetaan Pirkanmaan potentiaali ja vahvistetaan niit\u00e4 edellytyksi\u00e4, joiden varaan maakunnan kasvu rakentuu.","og_url":"https:\/\/tampereenkauppakamari.fi\/en\/pirkanmaan-kasvu-syntyy-myos-pk-yrityksissa\/","article_publisher":"https:\/\/www.facebook.com\/tampereenkauppakamar","article_published_time":"2026-09-04T06:21:03+00:00","article_modified_time":"2026-09-04T06:21:04+00:00","og_image":[{"width":700,"height":400,"url":"https:\/\/tampereenkauppakamari.fi\/wp-content\/uploads\/2026\/09\/Pirkanmaan-karjet-kasvu-syntyy-myos-pk-700x400-1.png","type":"image\/png"}],"author":"Elli Tawast","twitter_card":"summary_large_image","twitter_misc":{"Written by":"Elli Tawast","Est. reading time":"4 minutes"},"schema":{"@context":"https:\/\/schema.org","@graph":[{"@type":"Article","@id":"https:\/\/tampereenkauppakamari.fi\/pirkanmaan-kasvu-syntyy-myos-pk-yrityksissa\/#article","isPartOf":{"@id":"https:\/\/tampereenkauppakamari.fi\/pirkanmaan-kasvu-syntyy-myos-pk-yrityksissa\/"},"author":{"name":"Elli Tawast","@id":"https:\/\/tampereenkauppakamari.fi\/#\/schema\/person\/348314e6862380df4af1d249d9619161"},"headline":"Pirkanmaan kasvu syntyy my\u00f6s pk-yrityksiss\u00e4","datePublished":"2026-09-04T06:21:03+00:00","dateModified":"2026-09-04T06:21:04+00:00","mainEntityOfPage":{"@id":"https:\/\/tampereenkauppakamari.fi\/pirkanmaan-kasvu-syntyy-myos-pk-yrityksissa\/"},"wordCount":656,"publisher":{"@id":"https:\/\/tampereenkauppakamari.fi\/#organization"},"image":{"@id":"https:\/\/tampereenkauppakamari.fi\/pirkanmaan-kasvu-syntyy-myos-pk-yrityksissa\/#primaryimage"},"thumbnailUrl":"https:\/\/tampereenkauppakamari.fi\/wp-content\/uploads\/2026\/09\/Pirkanmaan-karjet-kasvu-syntyy-myos-pk-700x400-1.png","keywords":["kasvu","Pirkanmaa","pk-yritykset","talous","vaikuttaminen"],"articleSection":["Uutiset"],"inLanguage":"en-US"},{"@type":"WebPage","@id":"https:\/\/tampereenkauppakamari.fi\/pirkanmaan-kasvu-syntyy-myos-pk-yrityksissa\/","url":"https:\/\/tampereenkauppakamari.fi\/pirkanmaan-kasvu-syntyy-myos-pk-yrityksissa\/","name":"Pirkanmaan kasvu syntyy my\u00f6s pk-yrityksiss\u00e4 -","isPartOf":{"@id":"https:\/\/tampereenkauppakamari.fi\/#website"},"primaryImageOfPage":{"@id":"https:\/\/tampereenkauppakamari.fi\/pirkanmaan-kasvu-syntyy-myos-pk-yrityksissa\/#primaryimage"},"image":{"@id":"https:\/\/tampereenkauppakamari.fi\/pirkanmaan-kasvu-syntyy-myos-pk-yrityksissa\/#primaryimage"},"thumbnailUrl":"https:\/\/tampereenkauppakamari.fi\/wp-content\/uploads\/2026\/09\/Pirkanmaan-karjet-kasvu-syntyy-myos-pk-700x400-1.png","datePublished":"2026-09-04T06:21:03+00:00","dateModified":"2026-09-04T06:21:04+00:00","breadcrumb":{"@id":"https:\/\/tampereenkauppakamari.fi\/pirkanmaan-kasvu-syntyy-myos-pk-yrityksissa\/#breadcrumb"},"inLanguage":"en-US","potentialAction":[{"@type":"ReadAction","target":["https:\/\/tampereenkauppakamari.fi\/pirkanmaan-kasvu-syntyy-myos-pk-yrityksissa\/"]}]},{"@type":"ImageObject","inLanguage":"en-US","@id":"https:\/\/tampereenkauppakamari.fi\/pirkanmaan-kasvu-syntyy-myos-pk-yrityksissa\/#primaryimage","url":"https:\/\/tampereenkauppakamari.fi\/wp-content\/uploads\/2026\/09\/Pirkanmaan-karjet-kasvu-syntyy-myos-pk-700x400-1.png","contentUrl":"https:\/\/tampereenkauppakamari.fi\/wp-content\/uploads\/2026\/09\/Pirkanmaan-karjet-kasvu-syntyy-myos-pk-700x400-1.png","width":700,"height":400},{"@type":"BreadcrumbList","@id":"https:\/\/tampereenkauppakamari.fi\/pirkanmaan-kasvu-syntyy-myos-pk-yrityksissa\/#breadcrumb","itemListElement":[{"@type":"ListItem","position":1,"name":"Home","item":"https:\/\/tampereenkauppakamari.fi\/"},{"@type":"ListItem","position":2,"name":"Pirkanmaan kasvu syntyy my\u00f6s pk-yrityksiss\u00e4"}]},{"@type":"WebSite","@id":"https:\/\/tampereenkauppakamari.fi\/#website","url":"https:\/\/tampereenkauppakamari.fi\/","name":"***","description":"","publisher":{"@id":"https:\/\/tampereenkauppakamari.fi\/#organization"},"potentialAction":[{"@type":"SearchAction","target":{"@type":"EntryPoint","urlTemplate":"https:\/\/tampereenkauppakamari.fi\/?s={search_term_string}"},"query-input":{"@type":"PropertyValueSpecification","valueRequired":true,"valueName":"search_term_string"}}],"inLanguage":"en-US"},{"@type":"Organization","@id":"https:\/\/tampereenkauppakamari.fi\/#organization","name":"***","url":"https:\/\/tampereenkauppakamari.fi\/","logo":{"@type":"ImageObject","inLanguage":"en-US","@id":"https:\/\/tampereenkauppakamari.fi\/#\/schema\/logo\/image\/","url":"https:\/\/tampereenkauppakamari.fi\/wp-content\/uploads\/2024\/03\/cropped-cropped-cropped-TKK-logo.png","contentUrl":"https:\/\/tampereenkauppakamari.fi\/wp-content\/uploads\/2024\/03\/cropped-cropped-cropped-TKK-logo.png","width":1780,"height":496,"caption":"Tampereen kauppakamari"},"image":{"@id":"https:\/\/tampereenkauppakamari.fi\/#\/schema\/logo\/image\/"},"sameAs":["https:\/\/www.facebook.com\/tampereenkauppakamar"]},{"@type":"Person","@id":"https:\/\/tampereenkauppakamari.fi\/#\/schema\/person\/348314e6862380df4af1d249d9619161","name":"Elli Tawast","sameAs":["http:\/\/tampereenkauppakamari.fi"],"url":"https:\/\/tampereenkauppakamari.fi\/en\/author\/elli-tawast\/"}]}},"uagb_featured_image_src":{"full":["https:\/\/tampereenkauppakamari.fi\/wp-content\/uploads\/2026\/09\/Pirkanmaan-karjet-kasvu-syntyy-myos-pk-700x400-1.png",700,400,false],"thumbnail":["https:\/\/tampereenkauppakamari.fi\/wp-content\/uploads\/2026\/09\/Pirkanmaan-karjet-kasvu-syntyy-myos-pk-700x400-1-150x150.png",150,150,true],"medium":["https:\/\/tampereenkauppakamari.fi\/wp-content\/uploads\/2026\/09\/Pirkanmaan-karjet-kasvu-syntyy-myos-pk-700x400-1-300x171.png",300,171,true],"medium_large":["https:\/\/tampereenkauppakamari.fi\/wp-content\/uploads\/2026\/09\/Pirkanmaan-karjet-kasvu-syntyy-myos-pk-700x400-1.png",700,400,false],"large":["https:\/\/tampereenkauppakamari.fi\/wp-content\/uploads\/2026\/09\/Pirkanmaan-karjet-kasvu-syntyy-myos-pk-700x400-1.png",700,400,false],"1536x1536":["https:\/\/tampereenkauppakamari.fi\/wp-content\/uploads\/2026\/09\/Pirkanmaan-karjet-kasvu-syntyy-myos-pk-700x400-1.png",700,400,false],"2048x2048":["https:\/\/tampereenkauppakamari.fi\/wp-content\/uploads\/2026\/09\/Pirkanmaan-karjet-kasvu-syntyy-myos-pk-700x400-1.png",700,400,false],"trp-custom-language-flag":["https:\/\/tampereenkauppakamari.fi\/wp-content\/uploads\/2026\/09\/Pirkanmaan-karjet-kasvu-syntyy-myos-pk-700x400-1-18x10.png",18,10,true],"calendar-event":["https:\/\/tampereenkauppakamari.fi\/wp-content\/uploads\/2026\/09\/Pirkanmaan-karjet-kasvu-syntyy-myos-pk-700x400-1-384x195.png",384,195,true],"calendar-event-2x":["https:\/\/tampereenkauppakamari.fi\/wp-content\/uploads\/2026\/09\/Pirkanmaan-karjet-kasvu-syntyy-myos-pk-700x400-1-700x390.png",700,390,true]},"uagb_author_info":{"display_name":"Elli Tawast","author_link":"https:\/\/tampereenkauppakamari.fi\/en\/author\/elli-tawast\/"},"uagb_comment_info":0,"uagb_excerpt":"Pirkanmaan yhteiset hallitusohjelmatavoitteet kokoavat yhteen asioita, joilla voidaan vahvistaa maakunnan kasvua, kilpailukyky\u00e4 ja elinvoimaa. Pk-yritysten n\u00e4k\u00f6kulmasta on t\u00e4rke\u00e4\u00e4, ett\u00e4 tulevissa valtakunnallisissa p\u00e4\u00e4t\u00f6ksiss\u00e4 tunnistetaan Pirkanmaan potentiaali ja vahvistetaan niit\u00e4 edellytyksi\u00e4, joiden varaan maakunnan kasvu rakentuu.","_links":{"self":[{"href":"https:\/\/tampereenkauppakamari.fi\/en\/wp-json\/wp\/v2\/posts\/12334","targetHints":{"allow":["GET"]}}],"collection":[{"href":"https:\/\/tampereenkauppakamari.fi\/en\/wp-json\/wp\/v2\/posts"}],"about":[{"href":"https:\/\/tampereenkauppakamari.fi\/en\/wp-json\/wp\/v2\/types\/post"}],"author":[{"embeddable":true,"href":"https:\/\/tampereenkauppakamari.fi\/en\/wp-json\/wp\/v2\/users\/24"}],"replies":[{"embeddable":true,"href":"https:\/\/tampereenkauppakamari.fi\/en\/wp-json\/wp\/v2\/comments?post=12334"}],"version-history":[{"count":6,"href":"https:\/\/tampereenkauppakamari.fi\/en\/wp-json\/wp\/v2\/posts\/12334\/revisions"}],"predecessor-version":[{"id":12342,"href":"https:\/\/tampereenkauppakamari.fi\/en\/wp-json\/wp\/v2\/posts\/12334\/revisions\/12342"}],"wp:featuredmedia":[{"embeddable":true,"href":"https:\/\/tampereenkauppakamari.fi\/en\/wp-json\/wp\/v2\/media\/12337"}],"wp:attachment":[{"href":"https:\/\/tampereenkauppakamari.fi\/en\/wp-json\/wp\/v2\/media?parent=12334"}],"wp:term":[{"taxonomy":"category","embeddable":true,"href":"https:\/\/tampereenkauppakamari.fi\/en\/wp-json\/wp\/v2\/categories?post=12334"},{"taxonomy":"post_tag","embeddable":true,"href":"https:\/\/tampereenkauppakamari.fi\/en\/wp-json\/wp\/v2\/tags?post=12334"}],"curies":[{"name":"wp","href":"https:\/\/api.w.org\/{rel}","templated":true}]}}