{"id":12327,"date":"2026-09-04T14:10:00","date_gmt":"2026-09-04T11:10:00","guid":{"rendered":"https:\/\/tampereenkauppakamari.fi\/?p=12327"},"modified":"2026-09-03T16:10:49","modified_gmt":"2026-09-03T13:10:49","slug":"kauppakamarikysely-yrityksilta-selkea-viesti-seuraavalle-hallitukselle-tama-ratkaisee-suomen-kasvun","status":"publish","type":"post","link":"https:\/\/tampereenkauppakamari.fi\/en\/kauppakamarikysely-yrityksilta-selkea-viesti-seuraavalle-hallitukselle-tama-ratkaisee-suomen-kasvun\/","title":{"rendered":"Kauppakamarikysely: Yrityksilt\u00e4 selke\u00e4 viesti seuraavalle hallitukselle \u2013 t\u00e4m\u00e4 ratkaisee Suomen kasvun"},"content":{"rendered":"<figure class=\"wp-block-image size-full\"><img loading=\"lazy\" decoding=\"async\" width=\"700\" height=\"400\" src=\"https:\/\/tampereenkauppakamari.fi\/wp-content\/uploads\/2026\/09\/K-yrittajan-paiva-tiedote-700x400-1.png\" alt=\"\" class=\"wp-image-12328\" srcset=\"https:\/\/tampereenkauppakamari.fi\/wp-content\/uploads\/2026\/09\/K-yrittajan-paiva-tiedote-700x400-1.png 700w, https:\/\/tampereenkauppakamari.fi\/wp-content\/uploads\/2026\/09\/K-yrittajan-paiva-tiedote-700x400-1-300x171.png 300w, https:\/\/tampereenkauppakamari.fi\/wp-content\/uploads\/2026\/09\/K-yrittajan-paiva-tiedote-700x400-1-18x10.png 18w\" sizes=\"auto, (max-width: 700px) 100vw, 700px\" \/><figcaption class=\"wp-element-caption\"><em>Kauppakamarien osaajakysely tehtiin 17.8.-23.8.2026 ja siihen vastasi 885 yrityst\u00e4 eri toimialoilta eri puolilta Suomea.<\/em><\/figcaption><\/figure>\n\n\n\n<p class=\"wp-block-paragraph\" style=\"margin-top:var(--wp--preset--spacing--50);margin-bottom:var(--wp--preset--spacing--50)\"><strong>Joka kolmas yritys katsoo, ett\u00e4 seuraavan hallituksen t\u00e4rkein teht\u00e4v\u00e4 on lis\u00e4t\u00e4 ty\u00f6markkinoiden joustavuutta, jotta yrityksill\u00e4 on paremmat edellytykset kasvaa. Tiedot selvi\u00e4v\u00e4t kauppakamarien kyselyst\u00e4, johon vastasi 885 yrityst\u00e4 ymp\u00e4ri Suomen.<\/strong><\/p>\n\n\n\n<p class=\"wp-block-paragraph\" style=\"margin-top:var(--wp--preset--spacing--50);margin-bottom:var(--wp--preset--spacing--50)\">Kauppakamarien osaajakyselyyn vastanneista yrityksist\u00e4 noin 35 prosenttia arvioi, ett\u00e4 seuraavan hallituksen tulee onnistua ty\u00f6markkinoiden joustavuuden lis\u00e4\u00e4misess\u00e4, jotta yritys voi kasvaa seuraavan nelj\u00e4n vuoden aikana.&nbsp; &nbsp;<\/p>\n\n\n\n<p class=\"wp-block-paragraph\" style=\"margin-top:var(--wp--preset--spacing--50);margin-bottom:var(--wp--preset--spacing--50)\">Noin 22 prosenttia vastaajista piti yritysten kasvulle t\u00e4rkeimp\u00e4n\u00e4 investointien ja uudistumisen vauhdittamista. Noin 15 prosenttia yrityksist\u00e4 puolestaan piti t\u00e4rkeimp\u00e4n\u00e4 lupaprosessien sujuvoittamista sek\u00e4 s\u00e4\u00e4ntelyn kevent\u00e4mist\u00e4.<\/p>\n\n\n\n<p class=\"wp-block-paragraph\" style=\"margin-top:var(--wp--preset--spacing--50);margin-bottom:var(--wp--preset--spacing--50)\">Keskuskauppakamarin toimitusjohtajan Juho Romakkaniemen mukaan viesti yrityksilt\u00e4 on selv\u00e4: kasvua ei synny ilman toimivia ty\u00f6markkinoita.<\/p>\n\n\n\n<p class=\"wp-block-paragraph\" style=\"margin-top:var(--wp--preset--spacing--50);margin-bottom:var(--wp--preset--spacing--50)\">\u201dKun yritykset pystyv\u00e4t reagoimaan nopeasti muuttuviin tilanteisiin, ne uskaltavat investoida, rekrytoida ja kasvaa\u201d, Romakkaniemi sanoo.<\/p>\n\n\n\n<p class=\"wp-block-paragraph\" style=\"margin-top:var(--wp--preset--spacing--50);margin-bottom:var(--wp--preset--spacing--50)\">Romakkaniemen mukaan Suomen kannattaa ottaa nykyist\u00e4 enemm\u00e4n mallia Tanskasta, jossa ty\u00f6markkinoiden joustavuus ja ty\u00f6ntekij\u00f6iden turva eiv\u00e4t ole toistensa vastakohtia, vaan toisiaan t\u00e4ydent\u00e4vi\u00e4 tekij\u00f6it\u00e4.<\/p>\n\n\n\n<p class=\"wp-block-paragraph\" style=\"margin-top:var(--wp--preset--spacing--50);margin-bottom:var(--wp--preset--spacing--50)\">\u201dEntist\u00e4 joustavammat ty\u00f6markkinat ovat muuttuvassa maailmassa kilpailukyvylle v\u00e4ltt\u00e4m\u00e4tt\u00f6mi\u00e4\u201d, Romakkaniemi sanoo.<\/p>\n\n\n\n<p class=\"wp-block-paragraph\" style=\"margin-top:var(--wp--preset--spacing--50);margin-bottom:var(--wp--preset--spacing--50)\">Keskuskauppakamari korostaa, ett\u00e4 yritykset luovat kasvun, ty\u00f6paikat ja investoinnit, mink\u00e4 vuoksi niiden toimintaedellytyksi\u00e4 on vahvistettava m\u00e4\u00e4r\u00e4tietoisesti.<\/p>\n\n\n\n<p class=\"wp-block-paragraph\" style=\"margin-top:var(--wp--preset--spacing--50);margin-bottom:var(--wp--preset--spacing--50)\">\u201dSuomi tarvitsee seuraavalla vaalikaudella enemm\u00e4n kasvua ja v\u00e4hemm\u00e4n uusia esteit\u00e4 yritysten toiminnalle. Mit\u00e4 joustavammin yritykset voivat vastata muutoksiin, sit\u00e4 paremmin ne voivat investoida, rekrytoida ja luoda uusia ty\u00f6paikkoja\u201d, Romakkaniemi sanoo.<\/p>\n\n\n\n<p class=\"wp-block-paragraph\" style=\"margin-top:var(--wp--preset--spacing--50);margin-bottom:var(--wp--preset--spacing--50)\">Yritysten rooli kasvun moottorina on esill\u00e4 4. syyskuuta Keskuskauppakamarin j\u00e4rjest\u00e4m\u00e4ss\u00e4 Yritt\u00e4j\u00e4n p\u00e4iv\u00e4n juhlassa. T\u00e4m\u00e4n vuoden juhlan teemana on Nelj\u00e4 kasvun vuotta. Yritt\u00e4j\u00e4n p\u00e4iv\u00e4\u00e4 vietet\u00e4\u00e4n koko Suomessa 5. syyskuuta.<\/p>\n\n\n\n<p class=\"wp-block-paragraph\" style=\"margin-top:var(--wp--preset--spacing--50);margin-bottom:var(--wp--preset--spacing--50)\"><em>Kauppakamarien osaajakysely tehtiin 17.8.-23.8.2026 ja siihen vastasi 885 yrityst\u00e4 eri toimialoilta eri puolilta Suomea. Vastaajajoukko koostui p\u00e4\u00e4osin pienist\u00e4 ja keskisuurista yrityksist\u00e4. Eniten kyselyyn vastasi palvelualan yritykset. Kyselyn aineisto on ker\u00e4tty s\u00e4hk\u00f6postitse kauppakamarien j\u00e4senyrityksilt\u00e4. Kyselyyn on voinut vastata yhden kerran j\u00e4senyrityst\u00e4 kohden.<\/em><\/p>\n\n\n\n<div data-wp-interactive=\"core\/file\" class=\"wp-block-file\" style=\"margin-top:var(--wp--preset--spacing--50);margin-bottom:var(--wp--preset--spacing--50)\"><object data-wp-bind--hidden=\"!state.hasPdfPreview\" hidden class=\"wp-block-file__embed\" data=\"https:\/\/tampereenkauppakamari.fi\/wp-content\/uploads\/2026\/09\/Yritysten-viesti-seuraavalle-hallitukselle-data-2026.pdf\" type=\"application\/pdf\" style=\"width:100%;height:600px\" aria-label=\"Embed of Yritysten viesti seuraavalle hallitukselle, data 2026.\"><\/object><a id=\"wp-block-file--media-83ff9513-71ba-43a9-9c25-bfbc62174595\" href=\"https:\/\/tampereenkauppakamari.fi\/wp-content\/uploads\/2026\/09\/Yritysten-viesti-seuraavalle-hallitukselle-data-2026.pdf\">Yritysten viesti seuraavalle hallitukselle, data 2026<\/a><a href=\"https:\/\/tampereenkauppakamari.fi\/wp-content\/uploads\/2026\/09\/Yritysten-viesti-seuraavalle-hallitukselle-data-2026.pdf\" class=\"wp-block-file__button wp-element-button\" download aria-describedby=\"wp-block-file--media-83ff9513-71ba-43a9-9c25-bfbc62174595\">Lataa<\/a><\/div>","protected":false},"excerpt":{"rendered":"<p>Joka kolmas yritys katsoo, ett\u00e4 seuraavan hallituksen t\u00e4rkein teht\u00e4v\u00e4 on lis\u00e4t\u00e4 ty\u00f6markkinoiden joustavuutta, jotta yrityksill\u00e4 on paremmat edellytykset kasvaa. Tiedot selvi\u00e4v\u00e4t kauppakamarien kyselyst\u00e4, johon vastasi 885 yrityst\u00e4 ymp\u00e4ri Suomen.<\/p>","protected":false},"author":24,"featured_media":12328,"comment_status":"closed","ping_status":"closed","sticky":false,"template":"","format":"standard","meta":{"_uag_custom_page_level_css":"","site-sidebar-layout":"default","site-content-layout":"","ast-site-content-layout":"default","site-content-style":"default","site-sidebar-style":"default","ast-global-header-display":"","ast-banner-title-visibility":"","ast-main-header-display":"","ast-hfb-above-header-display":"","ast-hfb-below-header-display":"","ast-hfb-mobile-header-display":"","site-post-title":"","ast-breadcrumbs-content":"","ast-featured-img":"","footer-sml-layout":"","ast-disable-related-posts":"","theme-transparent-header-meta":"","adv-header-id-meta":"","stick-header-meta":"","header-above-stick-meta":"","header-main-stick-meta":"","header-below-stick-meta":"","astra-migrate-meta-layouts":"default","ast-page-background-enabled":"default","ast-page-background-meta":{"desktop":{"background-color":"var(--ast-global-color-4)","background-image":"","background-repeat":"repeat","background-position":"center center","background-size":"auto","background-attachment":"scroll","background-type":"","background-media":"","overlay-type":"","overlay-color":"","overlay-opacity":"","overlay-gradient":""},"tablet":{"background-color":"","background-image":"","background-repeat":"repeat","background-position":"center center","background-size":"auto","background-attachment":"scroll","background-type":"","background-media":"","overlay-type":"","overlay-color":"","overlay-opacity":"","overlay-gradient":""},"mobile":{"background-color":"","background-image":"","background-repeat":"repeat","background-position":"center center","background-size":"auto","background-attachment":"scroll","background-type":"","background-media":"","overlay-type":"","overlay-color":"","overlay-opacity":"","overlay-gradient":""}},"ast-content-background-meta":{"desktop":{"background-color":"var(--ast-global-color-5)","background-image":"","background-repeat":"repeat","background-position":"center center","background-size":"auto","background-attachment":"scroll","background-type":"","background-media":"","overlay-type":"","overlay-color":"","overlay-opacity":"","overlay-gradient":""},"tablet":{"background-color":"var(--ast-global-color-5)","background-image":"","background-repeat":"repeat","background-position":"center center","background-size":"auto","background-attachment":"scroll","background-type":"","background-media":"","overlay-type":"","overlay-color":"","overlay-opacity":"","overlay-gradient":""},"mobile":{"background-color":"var(--ast-global-color-5)","background-image":"","background-repeat":"repeat","background-position":"center center","background-size":"auto","background-attachment":"scroll","background-type":"","background-media":"","overlay-type":"","overlay-color":"","overlay-opacity":"","overlay-gradient":""}},"footnotes":""},"categories":[10],"tags":[113,171,229,139],"class_list":["post-12327","post","type-post","status-publish","format-standard","has-post-thumbnail","hentry","category-uutiset","tag-kauppakamarikysely","tag-kilpailukyky","tag-osaajakysely","tag-talouskysely"],"yoast_head":"<!-- This site is optimized with the Yoast SEO plugin v28.3 - https:\/\/yoast.com\/product\/yoast-seo-wordpress\/ -->\n<title>Kauppakamarikysely: Yrityksilt\u00e4 selke\u00e4 viesti seuraavalle hallitukselle \u2013 t\u00e4m\u00e4 ratkaisee Suomen kasvun -<\/title>\n<meta name=\"robots\" content=\"index, follow, max-snippet:-1, max-image-preview:large, max-video-preview:-1\" \/>\n<link rel=\"canonical\" href=\"https:\/\/tampereenkauppakamari.fi\/en\/kauppakamarikysely-yrityksilta-selkea-viesti-seuraavalle-hallitukselle-tama-ratkaisee-suomen-kasvun\/\" \/>\n<meta property=\"og:locale\" content=\"en_US\" \/>\n<meta property=\"og:type\" content=\"article\" \/>\n<meta property=\"og:title\" content=\"Kauppakamarikysely: Yrityksilt\u00e4 selke\u00e4 viesti seuraavalle hallitukselle \u2013 t\u00e4m\u00e4 ratkaisee Suomen kasvun -\" \/>\n<meta property=\"og:description\" content=\"Joka kolmas yritys katsoo, ett\u00e4 seuraavan hallituksen t\u00e4rkein teht\u00e4v\u00e4 on lis\u00e4t\u00e4 ty\u00f6markkinoiden joustavuutta, jotta yrityksill\u00e4 on paremmat edellytykset kasvaa. Tiedot selvi\u00e4v\u00e4t kauppakamarien kyselyst\u00e4, johon vastasi 885 yrityst\u00e4 ymp\u00e4ri Suomen.\" \/>\n<meta property=\"og:url\" content=\"https:\/\/tampereenkauppakamari.fi\/en\/kauppakamarikysely-yrityksilta-selkea-viesti-seuraavalle-hallitukselle-tama-ratkaisee-suomen-kasvun\/\" \/>\n<meta property=\"article:publisher\" content=\"https:\/\/www.facebook.com\/tampereenkauppakamar\" \/>\n<meta property=\"article:published_time\" content=\"2026-09-04T11:10:00+00:00\" \/>\n<meta property=\"og:image\" content=\"https:\/\/tampereenkauppakamari.fi\/wp-content\/uploads\/2026\/09\/K-yrittajan-paiva-tiedote-700x400-1.png\" \/>\n\t<meta property=\"og:image:width\" content=\"700\" \/>\n\t<meta property=\"og:image:height\" content=\"400\" \/>\n\t<meta property=\"og:image:type\" content=\"image\/png\" \/>\n<meta name=\"author\" content=\"Elli Tawast\" \/>\n<meta name=\"twitter:card\" content=\"summary_large_image\" \/>\n<meta name=\"twitter:label1\" content=\"Written by\" \/>\n\t<meta name=\"twitter:data1\" content=\"Elli Tawast\" \/>\n\t<meta name=\"twitter:label2\" content=\"Est. reading time\" \/>\n\t<meta name=\"twitter:data2\" content=\"3 minutes\" \/>\n<script type=\"application\/ld+json\" class=\"yoast-schema-graph\">{\"@context\":\"https:\\\/\\\/schema.org\",\"@graph\":[{\"@type\":\"Article\",\"@id\":\"https:\\\/\\\/tampereenkauppakamari.fi\\\/kauppakamarikysely-yrityksilta-selkea-viesti-seuraavalle-hallitukselle-tama-ratkaisee-suomen-kasvun\\\/#article\",\"isPartOf\":{\"@id\":\"https:\\\/\\\/tampereenkauppakamari.fi\\\/kauppakamarikysely-yrityksilta-selkea-viesti-seuraavalle-hallitukselle-tama-ratkaisee-suomen-kasvun\\\/\"},\"author\":{\"name\":\"Elli Tawast\",\"@id\":\"https:\\\/\\\/tampereenkauppakamari.fi\\\/#\\\/schema\\\/person\\\/348314e6862380df4af1d249d9619161\"},\"headline\":\"Kauppakamarikysely: Yrityksilt\u00e4 selke\u00e4 viesti seuraavalle hallitukselle \u2013 t\u00e4m\u00e4 ratkaisee Suomen kasvun\",\"datePublished\":\"2026-09-04T11:10:00+00:00\",\"mainEntityOfPage\":{\"@id\":\"https:\\\/\\\/tampereenkauppakamari.fi\\\/kauppakamarikysely-yrityksilta-selkea-viesti-seuraavalle-hallitukselle-tama-ratkaisee-suomen-kasvun\\\/\"},\"wordCount\":337,\"publisher\":{\"@id\":\"https:\\\/\\\/tampereenkauppakamari.fi\\\/#organization\"},\"image\":{\"@id\":\"https:\\\/\\\/tampereenkauppakamari.fi\\\/kauppakamarikysely-yrityksilta-selkea-viesti-seuraavalle-hallitukselle-tama-ratkaisee-suomen-kasvun\\\/#primaryimage\"},\"thumbnailUrl\":\"https:\\\/\\\/tampereenkauppakamari.fi\\\/wp-content\\\/uploads\\\/2026\\\/09\\\/K-yrittajan-paiva-tiedote-700x400-1.png\",\"keywords\":[\"kauppakamarikysely\",\"kilpailukyky\",\"osaajakysely\",\"talouskysely\"],\"articleSection\":[\"Uutiset\"],\"inLanguage\":\"en-US\"},{\"@type\":\"WebPage\",\"@id\":\"https:\\\/\\\/tampereenkauppakamari.fi\\\/kauppakamarikysely-yrityksilta-selkea-viesti-seuraavalle-hallitukselle-tama-ratkaisee-suomen-kasvun\\\/\",\"url\":\"https:\\\/\\\/tampereenkauppakamari.fi\\\/kauppakamarikysely-yrityksilta-selkea-viesti-seuraavalle-hallitukselle-tama-ratkaisee-suomen-kasvun\\\/\",\"name\":\"Kauppakamarikysely: Yrityksilt\u00e4 selke\u00e4 viesti seuraavalle hallitukselle \u2013 t\u00e4m\u00e4 ratkaisee Suomen kasvun -\",\"isPartOf\":{\"@id\":\"https:\\\/\\\/tampereenkauppakamari.fi\\\/#website\"},\"primaryImageOfPage\":{\"@id\":\"https:\\\/\\\/tampereenkauppakamari.fi\\\/kauppakamarikysely-yrityksilta-selkea-viesti-seuraavalle-hallitukselle-tama-ratkaisee-suomen-kasvun\\\/#primaryimage\"},\"image\":{\"@id\":\"https:\\\/\\\/tampereenkauppakamari.fi\\\/kauppakamarikysely-yrityksilta-selkea-viesti-seuraavalle-hallitukselle-tama-ratkaisee-suomen-kasvun\\\/#primaryimage\"},\"thumbnailUrl\":\"https:\\\/\\\/tampereenkauppakamari.fi\\\/wp-content\\\/uploads\\\/2026\\\/09\\\/K-yrittajan-paiva-tiedote-700x400-1.png\",\"datePublished\":\"2026-09-04T11:10:00+00:00\",\"breadcrumb\":{\"@id\":\"https:\\\/\\\/tampereenkauppakamari.fi\\\/kauppakamarikysely-yrityksilta-selkea-viesti-seuraavalle-hallitukselle-tama-ratkaisee-suomen-kasvun\\\/#breadcrumb\"},\"inLanguage\":\"en-US\",\"potentialAction\":[{\"@type\":\"ReadAction\",\"target\":[\"https:\\\/\\\/tampereenkauppakamari.fi\\\/kauppakamarikysely-yrityksilta-selkea-viesti-seuraavalle-hallitukselle-tama-ratkaisee-suomen-kasvun\\\/\"]}]},{\"@type\":\"ImageObject\",\"inLanguage\":\"en-US\",\"@id\":\"https:\\\/\\\/tampereenkauppakamari.fi\\\/kauppakamarikysely-yrityksilta-selkea-viesti-seuraavalle-hallitukselle-tama-ratkaisee-suomen-kasvun\\\/#primaryimage\",\"url\":\"https:\\\/\\\/tampereenkauppakamari.fi\\\/wp-content\\\/uploads\\\/2026\\\/09\\\/K-yrittajan-paiva-tiedote-700x400-1.png\",\"contentUrl\":\"https:\\\/\\\/tampereenkauppakamari.fi\\\/wp-content\\\/uploads\\\/2026\\\/09\\\/K-yrittajan-paiva-tiedote-700x400-1.png\",\"width\":700,\"height\":400},{\"@type\":\"BreadcrumbList\",\"@id\":\"https:\\\/\\\/tampereenkauppakamari.fi\\\/kauppakamarikysely-yrityksilta-selkea-viesti-seuraavalle-hallitukselle-tama-ratkaisee-suomen-kasvun\\\/#breadcrumb\",\"itemListElement\":[{\"@type\":\"ListItem\",\"position\":1,\"name\":\"Home\",\"item\":\"https:\\\/\\\/tampereenkauppakamari.fi\\\/\"},{\"@type\":\"ListItem\",\"position\":2,\"name\":\"Kauppakamarikysely: Yrityksilt\u00e4 selke\u00e4 viesti seuraavalle hallitukselle \u2013 t\u00e4m\u00e4 ratkaisee Suomen kasvun\"}]},{\"@type\":\"WebSite\",\"@id\":\"https:\\\/\\\/tampereenkauppakamari.fi\\\/#website\",\"url\":\"https:\\\/\\\/tampereenkauppakamari.fi\\\/\",\"name\":\"Tampereen kauppakamari\",\"description\":\"\",\"publisher\":{\"@id\":\"https:\\\/\\\/tampereenkauppakamari.fi\\\/#organization\"},\"potentialAction\":[{\"@type\":\"SearchAction\",\"target\":{\"@type\":\"EntryPoint\",\"urlTemplate\":\"https:\\\/\\\/tampereenkauppakamari.fi\\\/?s={search_term_string}\"},\"query-input\":{\"@type\":\"PropertyValueSpecification\",\"valueRequired\":true,\"valueName\":\"search_term_string\"}}],\"inLanguage\":\"en-US\"},{\"@type\":\"Organization\",\"@id\":\"https:\\\/\\\/tampereenkauppakamari.fi\\\/#organization\",\"name\":\"Tampereen kauppakamari\",\"url\":\"https:\\\/\\\/tampereenkauppakamari.fi\\\/\",\"logo\":{\"@type\":\"ImageObject\",\"inLanguage\":\"en-US\",\"@id\":\"https:\\\/\\\/tampereenkauppakamari.fi\\\/#\\\/schema\\\/logo\\\/image\\\/\",\"url\":\"https:\\\/\\\/tampereenkauppakamari.fi\\\/wp-content\\\/uploads\\\/2024\\\/03\\\/cropped-cropped-cropped-TKK-logo.png\",\"contentUrl\":\"https:\\\/\\\/tampereenkauppakamari.fi\\\/wp-content\\\/uploads\\\/2024\\\/03\\\/cropped-cropped-cropped-TKK-logo.png\",\"width\":1780,\"height\":496,\"caption\":\"Tampereen kauppakamari\"},\"image\":{\"@id\":\"https:\\\/\\\/tampereenkauppakamari.fi\\\/#\\\/schema\\\/logo\\\/image\\\/\"},\"sameAs\":[\"https:\\\/\\\/www.facebook.com\\\/tampereenkauppakamar\"]},{\"@type\":\"Person\",\"@id\":\"https:\\\/\\\/tampereenkauppakamari.fi\\\/#\\\/schema\\\/person\\\/348314e6862380df4af1d249d9619161\",\"name\":\"Elli Tawast\",\"sameAs\":[\"http:\\\/\\\/tampereenkauppakamari.fi\"],\"url\":\"https:\\\/\\\/tampereenkauppakamari.fi\\\/en\\\/author\\\/elli-tawast\\\/\"}]}<\/script>\n<!-- \/ Yoast SEO plugin. -->","yoast_head_json":{"title":"Kauppakamarikysely: Yrityksilt\u00e4 selke\u00e4 viesti seuraavalle hallitukselle \u2013 t\u00e4m\u00e4 ratkaisee Suomen kasvun -","robots":{"index":"index","follow":"follow","max-snippet":"max-snippet:-1","max-image-preview":"max-image-preview:large","max-video-preview":"max-video-preview:-1"},"canonical":"https:\/\/tampereenkauppakamari.fi\/en\/kauppakamarikysely-yrityksilta-selkea-viesti-seuraavalle-hallitukselle-tama-ratkaisee-suomen-kasvun\/","og_locale":"en_US","og_type":"article","og_title":"Kauppakamarikysely: Yrityksilt\u00e4 selke\u00e4 viesti seuraavalle hallitukselle \u2013 t\u00e4m\u00e4 ratkaisee Suomen kasvun -","og_description":"Joka kolmas yritys katsoo, ett\u00e4 seuraavan hallituksen t\u00e4rkein teht\u00e4v\u00e4 on lis\u00e4t\u00e4 ty\u00f6markkinoiden joustavuutta, jotta yrityksill\u00e4 on paremmat edellytykset kasvaa. Tiedot selvi\u00e4v\u00e4t kauppakamarien kyselyst\u00e4, johon vastasi 885 yrityst\u00e4 ymp\u00e4ri Suomen.","og_url":"https:\/\/tampereenkauppakamari.fi\/en\/kauppakamarikysely-yrityksilta-selkea-viesti-seuraavalle-hallitukselle-tama-ratkaisee-suomen-kasvun\/","article_publisher":"https:\/\/www.facebook.com\/tampereenkauppakamar","article_published_time":"2026-09-04T11:10:00+00:00","og_image":[{"width":700,"height":400,"url":"https:\/\/tampereenkauppakamari.fi\/wp-content\/uploads\/2026\/09\/K-yrittajan-paiva-tiedote-700x400-1.png","type":"image\/png"}],"author":"Elli Tawast","twitter_card":"summary_large_image","twitter_misc":{"Written by":"Elli Tawast","Est. reading time":"3 minutes"},"schema":{"@context":"https:\/\/schema.org","@graph":[{"@type":"Article","@id":"https:\/\/tampereenkauppakamari.fi\/kauppakamarikysely-yrityksilta-selkea-viesti-seuraavalle-hallitukselle-tama-ratkaisee-suomen-kasvun\/#article","isPartOf":{"@id":"https:\/\/tampereenkauppakamari.fi\/kauppakamarikysely-yrityksilta-selkea-viesti-seuraavalle-hallitukselle-tama-ratkaisee-suomen-kasvun\/"},"author":{"name":"Elli Tawast","@id":"https:\/\/tampereenkauppakamari.fi\/#\/schema\/person\/348314e6862380df4af1d249d9619161"},"headline":"Kauppakamarikysely: Yrityksilt\u00e4 selke\u00e4 viesti seuraavalle hallitukselle \u2013 t\u00e4m\u00e4 ratkaisee Suomen kasvun","datePublished":"2026-09-04T11:10:00+00:00","mainEntityOfPage":{"@id":"https:\/\/tampereenkauppakamari.fi\/kauppakamarikysely-yrityksilta-selkea-viesti-seuraavalle-hallitukselle-tama-ratkaisee-suomen-kasvun\/"},"wordCount":337,"publisher":{"@id":"https:\/\/tampereenkauppakamari.fi\/#organization"},"image":{"@id":"https:\/\/tampereenkauppakamari.fi\/kauppakamarikysely-yrityksilta-selkea-viesti-seuraavalle-hallitukselle-tama-ratkaisee-suomen-kasvun\/#primaryimage"},"thumbnailUrl":"https:\/\/tampereenkauppakamari.fi\/wp-content\/uploads\/2026\/09\/K-yrittajan-paiva-tiedote-700x400-1.png","keywords":["kauppakamarikysely","kilpailukyky","osaajakysely","talouskysely"],"articleSection":["Uutiset"],"inLanguage":"en-US"},{"@type":"WebPage","@id":"https:\/\/tampereenkauppakamari.fi\/kauppakamarikysely-yrityksilta-selkea-viesti-seuraavalle-hallitukselle-tama-ratkaisee-suomen-kasvun\/","url":"https:\/\/tampereenkauppakamari.fi\/kauppakamarikysely-yrityksilta-selkea-viesti-seuraavalle-hallitukselle-tama-ratkaisee-suomen-kasvun\/","name":"Kauppakamarikysely: Yrityksilt\u00e4 selke\u00e4 viesti seuraavalle hallitukselle \u2013 t\u00e4m\u00e4 ratkaisee Suomen kasvun -","isPartOf":{"@id":"https:\/\/tampereenkauppakamari.fi\/#website"},"primaryImageOfPage":{"@id":"https:\/\/tampereenkauppakamari.fi\/kauppakamarikysely-yrityksilta-selkea-viesti-seuraavalle-hallitukselle-tama-ratkaisee-suomen-kasvun\/#primaryimage"},"image":{"@id":"https:\/\/tampereenkauppakamari.fi\/kauppakamarikysely-yrityksilta-selkea-viesti-seuraavalle-hallitukselle-tama-ratkaisee-suomen-kasvun\/#primaryimage"},"thumbnailUrl":"https:\/\/tampereenkauppakamari.fi\/wp-content\/uploads\/2026\/09\/K-yrittajan-paiva-tiedote-700x400-1.png","datePublished":"2026-09-04T11:10:00+00:00","breadcrumb":{"@id":"https:\/\/tampereenkauppakamari.fi\/kauppakamarikysely-yrityksilta-selkea-viesti-seuraavalle-hallitukselle-tama-ratkaisee-suomen-kasvun\/#breadcrumb"},"inLanguage":"en-US","potentialAction":[{"@type":"ReadAction","target":["https:\/\/tampereenkauppakamari.fi\/kauppakamarikysely-yrityksilta-selkea-viesti-seuraavalle-hallitukselle-tama-ratkaisee-suomen-kasvun\/"]}]},{"@type":"ImageObject","inLanguage":"en-US","@id":"https:\/\/tampereenkauppakamari.fi\/kauppakamarikysely-yrityksilta-selkea-viesti-seuraavalle-hallitukselle-tama-ratkaisee-suomen-kasvun\/#primaryimage","url":"https:\/\/tampereenkauppakamari.fi\/wp-content\/uploads\/2026\/09\/K-yrittajan-paiva-tiedote-700x400-1.png","contentUrl":"https:\/\/tampereenkauppakamari.fi\/wp-content\/uploads\/2026\/09\/K-yrittajan-paiva-tiedote-700x400-1.png","width":700,"height":400},{"@type":"BreadcrumbList","@id":"https:\/\/tampereenkauppakamari.fi\/kauppakamarikysely-yrityksilta-selkea-viesti-seuraavalle-hallitukselle-tama-ratkaisee-suomen-kasvun\/#breadcrumb","itemListElement":[{"@type":"ListItem","position":1,"name":"Home","item":"https:\/\/tampereenkauppakamari.fi\/"},{"@type":"ListItem","position":2,"name":"Kauppakamarikysely: Yrityksilt\u00e4 selke\u00e4 viesti seuraavalle hallitukselle \u2013 t\u00e4m\u00e4 ratkaisee Suomen kasvun"}]},{"@type":"WebSite","@id":"https:\/\/tampereenkauppakamari.fi\/#website","url":"https:\/\/tampereenkauppakamari.fi\/","name":"***","description":"","publisher":{"@id":"https:\/\/tampereenkauppakamari.fi\/#organization"},"potentialAction":[{"@type":"SearchAction","target":{"@type":"EntryPoint","urlTemplate":"https:\/\/tampereenkauppakamari.fi\/?s={search_term_string}"},"query-input":{"@type":"PropertyValueSpecification","valueRequired":true,"valueName":"search_term_string"}}],"inLanguage":"en-US"},{"@type":"Organization","@id":"https:\/\/tampereenkauppakamari.fi\/#organization","name":"***","url":"https:\/\/tampereenkauppakamari.fi\/","logo":{"@type":"ImageObject","inLanguage":"en-US","@id":"https:\/\/tampereenkauppakamari.fi\/#\/schema\/logo\/image\/","url":"https:\/\/tampereenkauppakamari.fi\/wp-content\/uploads\/2024\/03\/cropped-cropped-cropped-TKK-logo.png","contentUrl":"https:\/\/tampereenkauppakamari.fi\/wp-content\/uploads\/2024\/03\/cropped-cropped-cropped-TKK-logo.png","width":1780,"height":496,"caption":"Tampereen kauppakamari"},"image":{"@id":"https:\/\/tampereenkauppakamari.fi\/#\/schema\/logo\/image\/"},"sameAs":["https:\/\/www.facebook.com\/tampereenkauppakamar"]},{"@type":"Person","@id":"https:\/\/tampereenkauppakamari.fi\/#\/schema\/person\/348314e6862380df4af1d249d9619161","name":"Elli Tawast","sameAs":["http:\/\/tampereenkauppakamari.fi"],"url":"https:\/\/tampereenkauppakamari.fi\/en\/author\/elli-tawast\/"}]}},"uagb_featured_image_src":{"full":["https:\/\/tampereenkauppakamari.fi\/wp-content\/uploads\/2026\/09\/K-yrittajan-paiva-tiedote-700x400-1.png",700,400,false],"thumbnail":["https:\/\/tampereenkauppakamari.fi\/wp-content\/uploads\/2026\/09\/K-yrittajan-paiva-tiedote-700x400-1-150x150.png",150,150,true],"medium":["https:\/\/tampereenkauppakamari.fi\/wp-content\/uploads\/2026\/09\/K-yrittajan-paiva-tiedote-700x400-1-300x171.png",300,171,true],"medium_large":["https:\/\/tampereenkauppakamari.fi\/wp-content\/uploads\/2026\/09\/K-yrittajan-paiva-tiedote-700x400-1.png",700,400,false],"large":["https:\/\/tampereenkauppakamari.fi\/wp-content\/uploads\/2026\/09\/K-yrittajan-paiva-tiedote-700x400-1.png",700,400,false],"1536x1536":["https:\/\/tampereenkauppakamari.fi\/wp-content\/uploads\/2026\/09\/K-yrittajan-paiva-tiedote-700x400-1.png",700,400,false],"2048x2048":["https:\/\/tampereenkauppakamari.fi\/wp-content\/uploads\/2026\/09\/K-yrittajan-paiva-tiedote-700x400-1.png",700,400,false],"trp-custom-language-flag":["https:\/\/tampereenkauppakamari.fi\/wp-content\/uploads\/2026\/09\/K-yrittajan-paiva-tiedote-700x400-1-18x10.png",18,10,true],"calendar-event":["https:\/\/tampereenkauppakamari.fi\/wp-content\/uploads\/2026\/09\/K-yrittajan-paiva-tiedote-700x400-1-384x195.png",384,195,true],"calendar-event-2x":["https:\/\/tampereenkauppakamari.fi\/wp-content\/uploads\/2026\/09\/K-yrittajan-paiva-tiedote-700x400-1-700x390.png",700,390,true]},"uagb_author_info":{"display_name":"Elli Tawast","author_link":"https:\/\/tampereenkauppakamari.fi\/en\/author\/elli-tawast\/"},"uagb_comment_info":0,"uagb_excerpt":"Joka kolmas yritys katsoo, ett\u00e4 seuraavan hallituksen t\u00e4rkein teht\u00e4v\u00e4 on lis\u00e4t\u00e4 ty\u00f6markkinoiden joustavuutta, jotta yrityksill\u00e4 on paremmat edellytykset kasvaa. Tiedot selvi\u00e4v\u00e4t kauppakamarien kyselyst\u00e4, johon vastasi 885 yrityst\u00e4 ymp\u00e4ri Suomen.","_links":{"self":[{"href":"https:\/\/tampereenkauppakamari.fi\/en\/wp-json\/wp\/v2\/posts\/12327","targetHints":{"allow":["GET"]}}],"collection":[{"href":"https:\/\/tampereenkauppakamari.fi\/en\/wp-json\/wp\/v2\/posts"}],"about":[{"href":"https:\/\/tampereenkauppakamari.fi\/en\/wp-json\/wp\/v2\/types\/post"}],"author":[{"embeddable":true,"href":"https:\/\/tampereenkauppakamari.fi\/en\/wp-json\/wp\/v2\/users\/24"}],"replies":[{"embeddable":true,"href":"https:\/\/tampereenkauppakamari.fi\/en\/wp-json\/wp\/v2\/comments?post=12327"}],"version-history":[{"count":3,"href":"https:\/\/tampereenkauppakamari.fi\/en\/wp-json\/wp\/v2\/posts\/12327\/revisions"}],"predecessor-version":[{"id":12333,"href":"https:\/\/tampereenkauppakamari.fi\/en\/wp-json\/wp\/v2\/posts\/12327\/revisions\/12333"}],"wp:featuredmedia":[{"embeddable":true,"href":"https:\/\/tampereenkauppakamari.fi\/en\/wp-json\/wp\/v2\/media\/12328"}],"wp:attachment":[{"href":"https:\/\/tampereenkauppakamari.fi\/en\/wp-json\/wp\/v2\/media?parent=12327"}],"wp:term":[{"taxonomy":"category","embeddable":true,"href":"https:\/\/tampereenkauppakamari.fi\/en\/wp-json\/wp\/v2\/categories?post=12327"},{"taxonomy":"post_tag","embeddable":true,"href":"https:\/\/tampereenkauppakamari.fi\/en\/wp-json\/wp\/v2\/tags?post=12327"}],"curies":[{"name":"wp","href":"https:\/\/api.w.org\/{rel}","templated":true}]}}