{"id":12310,"date":"2026-09-03T13:16:36","date_gmt":"2026-09-03T10:16:36","guid":{"rendered":"https:\/\/tampereenkauppakamari.fi\/?p=12310"},"modified":"2026-09-03T13:16:36","modified_gmt":"2026-09-03T10:16:36","slug":"meijou-paaurakoitsijaksi-historiallisen-frenckellin-mittavaan-saneeraushankkeeseen-tampereella","status":"publish","type":"post","link":"https:\/\/tampereenkauppakamari.fi\/en\/meijou-paaurakoitsijaksi-historiallisen-frenckellin-mittavaan-saneeraushankkeeseen-tampereella\/","title":{"rendered":"Meijou p\u00e4\u00e4urakoitsijaksi historiallisen Frenckellin mittavaan saneeraushankkeeseen Tampereella"},"content":{"rendered":"<figure class=\"wp-block-image size-full\"><img loading=\"lazy\" decoding=\"async\" width=\"700\" height=\"400\" src=\"https:\/\/tampereenkauppakamari.fi\/wp-content\/uploads\/2026\/09\/Frenckell-Hotel-ilmakuva-Neva-Co-700x400-1.png\" alt=\"\" class=\"wp-image-12312\" srcset=\"https:\/\/tampereenkauppakamari.fi\/wp-content\/uploads\/2026\/09\/Frenckell-Hotel-ilmakuva-Neva-Co-700x400-1.png 700w, https:\/\/tampereenkauppakamari.fi\/wp-content\/uploads\/2026\/09\/Frenckell-Hotel-ilmakuva-Neva-Co-700x400-1-18x10.png 18w, https:\/\/tampereenkauppakamari.fi\/wp-content\/uploads\/2026\/09\/Frenckell-Hotel-ilmakuva-Neva-Co-700x400-1-300x171.png 300w\" sizes=\"auto, (max-width: 700px) 100vw, 700px\" \/><figcaption class=\"wp-element-caption\"><em>Frenckell Hotel ilmakuva,\u00a0Neva &amp; Co<\/em>.<\/figcaption><\/figure>\n\n\n\n<p class=\"wp-block-paragraph\" style=\"margin-top:var(--wp--preset--spacing--50);margin-bottom:var(--wp--preset--spacing--50)\"><strong>Meijou toimii p\u00e4\u00e4urakoitsijana Tampereen ydinkeskustassa sijaitsevan historiallisen Frenckellin paperitehtaan mittavassa uudistuksessa. Ensimm\u00e4isen\u00e4 julkistettuna osana kokonaisuutta rakennukseen toteutetaan pohjoismaisen hotellikonserni Strawberryn operoima 168 huoneen lifestyle-hotelli ravintoloineen sek\u00e4 tapahtuma- ja kokoustiloineen. Hotellin on m\u00e4\u00e4r\u00e4 avautua vuonna 2028.<\/strong><\/p>\n\n\n\n<p class=\"wp-block-paragraph\" style=\"margin-top:var(--wp--preset--spacing--50);margin-bottom:var(--wp--preset--spacing--50)\">Tammerkosken kansallismaisemassa sijaitseva Frenckell on yksi Tampereen tunnetuimmista maamerkeist\u00e4 ja merkitt\u00e4v\u00e4 osa kaupungin rakennettua kulttuuriperint\u00f6\u00e4. Historiallisen paperitehtaan uudistaminen uusia k\u00e4ytt\u00f6tarkoituksia varten on mittava ja vaativa korjausrakennushanke, jossa rakennuksen ominaispiirteet sovitetaan yhteen nykyaikaisten tilojen teknisten ja toiminnallisten vaatimusten kanssa.<\/p>\n\n\n\n<p class=\"wp-block-paragraph\" style=\"margin-top:var(--wp--preset--spacing--50);margin-bottom:var(--wp--preset--spacing--50)\">Meijou vastaa hankkeen p\u00e4\u00e4urakoinnista ja rakennusty\u00f6t Frenckelliss\u00e4 ovat k\u00e4ynnistyneet.<\/p>\n\n\n\n<p class=\"wp-block-paragraph\" style=\"margin-top:var(--wp--preset--spacing--50);margin-bottom:var(--wp--preset--spacing--50)\">\u201dFrenckell on meille poikkeuksellisen merkitt\u00e4v\u00e4 hanke. Kyseess\u00e4 on mittava saneeraus, jossa rakennuksen historia ja ominaispiirteet asettavat tekemiselle aivan omanlaisensa l\u00e4ht\u00f6kohdat. On hienoa p\u00e4\u00e4st\u00e4 toteuttamaan n\u00e4in vaativaa hanketta aivan Tampereen keskustassa\u201d, kertoo&nbsp;<strong>Juuso J\u00e4rvel\u00e4 Meijoun projektijohdosta<\/strong>.<\/p>\n\n\n\n<h2 class=\"wp-block-heading\" style=\"margin-top:var(--wp--preset--spacing--50);margin-bottom:var(--wp--preset--spacing--50)\"><strong>Hotelli k\u00e4ynnist\u00e4\u00e4 Frenckellin uuden vaiheen<\/strong><\/h2>\n\n\n\n<p class=\"wp-block-paragraph\" style=\"margin-top:var(--wp--preset--spacing--50);margin-bottom:var(--wp--preset--spacing--50)\">Ensimm\u00e4inen julkistettu osa Frenckellin uudistusta tuo historialliseen paperitehtaaseen hotellin lis\u00e4ksi ravintoloita, hyvinvointia sek\u00e4 uudenlaisia kokous- ja tapahtumatiloja. Historiallinen tehdasymp\u00e4rist\u00f6 antaa kokonaisuudelle poikkeukselliset puitteet.<\/p>\n\n\n\n<p class=\"wp-block-paragraph\" style=\"margin-top:var(--wp--preset--spacing--50);margin-bottom:var(--wp--preset--spacing--50)\">Hotelliin toteutetaan 168 yksil\u00f6llist\u00e4 huonetta ja sviitti\u00e4, noin 400 neli\u00f6metrin monik\u00e4ytt\u00f6inen aula baari- ja lounge-tiloineen sek\u00e4 noin 1 400 neli\u00f6metrin sis\u00e4piha. Kokonaisuuteen kuuluvat lis\u00e4ksi kaksi ravintolaa sek\u00e4 noin 800 neli\u00f6metri\u00e4 muunneltavia kokous- ja tapahtumatiloja. Hotellista tulee my\u00f6s suora yhteys Teatteri Frenckelliin.<\/p>\n\n\n\n<p class=\"wp-block-paragraph\" style=\"margin-top:var(--wp--preset--spacing--50);margin-bottom:var(--wp--preset--spacing--50)\">Hotellihuoneiden ja sviittien suunnittelusta vastaa suomalainen suunnittelutoimisto Fyra, ja hankkeen p\u00e4\u00e4suunnittelijana toimii Neva &amp; Co. Kiinteist\u00f6n omistaa ja kokonaisuutta kehitt\u00e4\u00e4 Aare Invest. Hotellia operoi pohjoismainen hotehotellikonserni Strawberry.&nbsp;<\/p>\n\n\n\n<p class=\"wp-block-paragraph\" style=\"margin-top:var(--wp--preset--spacing--50);margin-bottom:var(--wp--preset--spacing--50)\">Frenckell on Meijoulle entuudestaan tuttu ymp\u00e4rist\u00f6. Yhti\u00f6 toteutti my\u00f6s Frenckellin historiallisen konttorirakennuksen mittavan saneerauksen. Nyt ty\u00f6 jatkuu paperitehtaan puolella huomattavasti laajemmassa kokonaisuudessa.<\/p>\n\n\n\n<p class=\"wp-block-paragraph\" style=\"margin-top:var(--wp--preset--spacing--50);margin-bottom:var(--wp--preset--spacing--50)\">\u201dT\u00e4ss\u00e4 hankkeessa erityisen kiinnostavaa on Frenckellin mittakaava ja monipuolisuus. Hotelli on ensimm\u00e4inen osa, jonka voimme nyt julkistaa, mutta uudistuminen ei j\u00e4\u00e4 siihen. Tulevien vuosien aikana rakennukseen syntyy uusia tiloja ja toimintoja. Meijoulle on hienoa p\u00e4\u00e4st\u00e4 toteuttamaan n\u00e4in merkitt\u00e4v\u00e4\u00e4 kokonaisuutta\u201d, J\u00e4rvel\u00e4 jatkaa.<\/p>\n\n\n\n<h2 class=\"wp-block-heading\" style=\"margin-top:var(--wp--preset--spacing--50);margin-bottom:var(--wp--preset--spacing--50)\"><strong>Vaativa saneeraus historiallisessa ymp\u00e4rist\u00f6ss\u00e4<\/strong><\/h2>\n\n\n\n<p class=\"wp-block-paragraph\" style=\"margin-top:var(--wp--preset--spacing--50);margin-bottom:var(--wp--preset--spacing--50)\">Frenckellin kaltaisen historiallisen teollisuusrakennuksen saneeraaminen asettaa rakentamiselle aivan toisenlaiset l\u00e4ht\u00f6kohdat kuin uudisrakentaminen. Olemassa olevat rakenteet, rakennuksen suojeluarvot ja historiallinen arkkitehtuuri on huomioitava l\u00e4pi hankkeen samalla, kun rakennukseen toteutetaan kokonaan uusia k\u00e4ytt\u00f6tarkoituksia.<\/p>\n\n\n\n<p class=\"wp-block-paragraph\" style=\"margin-top:var(--wp--preset--spacing--50);margin-bottom:var(--wp--preset--spacing--50)\">Vanhan s\u00e4ilytt\u00e4minen ja uuden rakentaminen kulkevat ty\u00f6maalla rinnakkain. Nykyaikainen talotekniikka, hotellin ja muiden tulevien tilojen tekniset vaatimukset sek\u00e4 uudet tilaratkaisut on sovitettava olemassa olevaan rakennukseen sen ominaispiirteit\u00e4 kunnioittaen.<\/p>\n\n\n\n<p class=\"wp-block-paragraph\" style=\"margin-top:var(--wp--preset--spacing--50);margin-bottom:var(--wp--preset--spacing--50)\">\u201dTeht\u00e4v\u00e4mme on tuoda historiallinen paperitehdas uudelle aikakaudelle. Frenckellin rakenteiden sis\u00e4lle toteutetaan tulevaisuuden vaatimuksiin vastaava kokonaisuus, jossa energiatehokkuus sek\u00e4 uuden sukupolven ratkaisut palvelevat rakennuksen uusia k\u00e4ytt\u00f6tarkoituksia. Modernien teknisten ratkaisuiden on mahdollistettava Frenckellin uusi el\u00e4m\u00e4, ilman ett\u00e4 sen historiallinen luonne katoaa. Juuri historian ja tulevaisuuden yhteensovittamisessa piilev\u00e4t t\u00e4m\u00e4n hankkeen tekninen vaativuus ja ainutlaatuisuus\u201d&nbsp;<strong>Meijoun talotekniikkajohtaja Tomas Salonen<\/strong>&nbsp;kertoo.<\/p>\n\n\n\n<p class=\"wp-block-paragraph\" style=\"margin-top:var(--wp--preset--spacing--50);margin-bottom:var(--wp--preset--spacing--50)\">Yli 20 000 neli\u00f6metrin Frenckell on yksi Meijoun t\u00e4h\u00e4nastisen historian merkitt\u00e4vimmist\u00e4 saneeraushankkeista. Hankkeen merkitys syntyy paitsi sen mittakaavasta ja vaativuudesta my\u00f6s rakennuksen erityisest\u00e4 asemasta Tampereella.<\/p>\n\n\n\n<p class=\"wp-block-paragraph\" style=\"margin-top:var(--wp--preset--spacing--50);margin-bottom:var(--wp--preset--spacing--50)\"><em>\u201dHarva rakennushanke on n\u00e4in vahvasti osa sek\u00e4 Tampereen historiaa ett\u00e4 sen tulevaisuutta. On valtavan hienoa, ett\u00e4 Meijou saa olla mukana nostamassa Frenckelli\u00e4 uuteen eloon ja muuttamassa sit\u00e4 j\u00e4lleen aktiiviseksi osaksi kaupungin ydinkeskustaa. Hanke on meille suuri vastuu, mutta samalla poikkeuksellinen mahdollisuus n\u00e4ytt\u00e4\u00e4, mit\u00e4 vaativa saneerausosaaminen ja tulevaisuuden tekniset ratkaisut voivat parhaimmillaan yhdess\u00e4 saada aikaan\u201d,\u00a0<strong>Salonen<\/strong>\u00a0lis\u00e4\u00e4.<\/em><\/p>\n\n\n\n<p class=\"wp-block-paragraph\" style=\"margin-top:var(--wp--preset--spacing--50);margin-bottom:var(--wp--preset--spacing--50)\"><strong>Faktat: Frenckellin saneeraushanke<\/strong><\/p>\n\n\n\n<p class=\"wp-block-paragraph\" style=\"margin-top:var(--wp--preset--spacing--50);margin-bottom:var(--wp--preset--spacing--50)\"><strong>Kohde:<\/strong>&nbsp;Frenckell, Tampere<br><strong>Hanke:<\/strong>&nbsp;Historiallisen Frenckellin saneeraus ja tilojen muuttaminen uusiin k\u00e4ytt\u00f6tarkoituksiin<br><strong>Kiinteist\u00f6n omistaja ja kehitt\u00e4j\u00e4:<\/strong>&nbsp;Aare Invest<br><strong>P\u00e4\u00e4urakoitsija:<\/strong>&nbsp;Meijou Oy<br><strong>Hotellioperaattori:<\/strong>&nbsp;Strawberry<br><strong>Hotellin suunniteltu avautuminen:<\/strong>&nbsp;Vuoden 2028 aikana<\/p>\n\n\n\n<p class=\"wp-block-paragraph\" style=\"margin-top:var(--wp--preset--spacing--50);margin-bottom:var(--wp--preset--spacing--50)\">Medialle kuvia:\u00a0<a href=\"https:\/\/eur03.safelinks.protection.outlook.com\/?url=https%3A%2F%2Ffrenckell.com%2Fmedialle%2F&amp;data=05%7C02%7Celli.tawast%40tampereenkauppakamari.fi%7C5f0f7b9ed6a6428c84d008df0339889e%7C04cce10c711a4fe5b142a577abf7d191%7C1%7C0%7C639233217782421863%7CUnknown%7CTWFpbGZsb3d8eyJFbXB0eU1hcGkiOnRydWUsIlYiOiIwLjAuMDAwMCIsIlAiOiJXaW4zMiIsIkFOIjoiTWFpbCIsIldUIjoyfQ%3D%3D%7C0%7C%7C%7C&amp;sdata=qO9ZOcfIUsnsKy2uCTI7aNG9QUDQuCrDboxxSS926AI%3D&amp;reserved=0\" target=\"_blank\" rel=\"noreferrer noopener\">frenckell.com\/medialle\/<\/a>\u00a0\u00a0\u00a0<\/p>\n\n\n\n<p class=\"wp-block-paragraph\" style=\"margin-top:var(--wp--preset--spacing--50);margin-bottom:var(--wp--preset--spacing--50)\">Yst\u00e4v\u00e4llisin terveisin<br>Marko Kuusisto<br>Meijou Oy<br>mob\u00a0+358 40 555 5413<br>web\u00a0meijou.fi<\/p>\n\n\n\n<p class=\"wp-block-paragraph\" style=\"margin-top:var(--wp--preset--spacing--50);margin-bottom:var(--wp--preset--spacing--50)\"><\/p>","protected":false},"excerpt":{"rendered":"<p>Meijou toimii p\u00e4\u00e4urakoitsijana Tampereen ydinkeskustassa sijaitsevan historiallisen Frenckellin paperitehtaan mittavassa uudistuksessa. Ensimm\u00e4isen\u00e4 julkistettuna osana kokonaisuutta rakennukseen toteutetaan pohjoismaisen hotellikonserni Strawberryn operoima 168 huoneen lifestyle-hotelli ravintoloineen sek\u00e4 tapahtuma- ja kokoustiloineen. Hotellin on m\u00e4\u00e4r\u00e4 avautua vuonna 2028.<\/p>","protected":false},"author":24,"featured_media":12312,"comment_status":"closed","ping_status":"closed","sticky":false,"template":"","format":"standard","meta":{"_uag_custom_page_level_css":"","site-sidebar-layout":"default","site-content-layout":"","ast-site-content-layout":"default","site-content-style":"default","site-sidebar-style":"default","ast-global-header-display":"","ast-banner-title-visibility":"","ast-main-header-display":"","ast-hfb-above-header-display":"","ast-hfb-below-header-display":"","ast-hfb-mobile-header-display":"","site-post-title":"","ast-breadcrumbs-content":"","ast-featured-img":"","footer-sml-layout":"","ast-disable-related-posts":"","theme-transparent-header-meta":"","adv-header-id-meta":"","stick-header-meta":"","header-above-stick-meta":"","header-main-stick-meta":"","header-below-stick-meta":"","astra-migrate-meta-layouts":"default","ast-page-background-enabled":"default","ast-page-background-meta":{"desktop":{"background-color":"var(--ast-global-color-4)","background-image":"","background-repeat":"repeat","background-position":"center center","background-size":"auto","background-attachment":"scroll","background-type":"","background-media":"","overlay-type":"","overlay-color":"","overlay-opacity":"","overlay-gradient":""},"tablet":{"background-color":"","background-image":"","background-repeat":"repeat","background-position":"center center","background-size":"auto","background-attachment":"scroll","background-type":"","background-media":"","overlay-type":"","overlay-color":"","overlay-opacity":"","overlay-gradient":""},"mobile":{"background-color":"","background-image":"","background-repeat":"repeat","background-position":"center center","background-size":"auto","background-attachment":"scroll","background-type":"","background-media":"","overlay-type":"","overlay-color":"","overlay-opacity":"","overlay-gradient":""}},"ast-content-background-meta":{"desktop":{"background-color":"var(--ast-global-color-5)","background-image":"","background-repeat":"repeat","background-position":"center center","background-size":"auto","background-attachment":"scroll","background-type":"","background-media":"","overlay-type":"","overlay-color":"","overlay-opacity":"","overlay-gradient":""},"tablet":{"background-color":"var(--ast-global-color-5)","background-image":"","background-repeat":"repeat","background-position":"center center","background-size":"auto","background-attachment":"scroll","background-type":"","background-media":"","overlay-type":"","overlay-color":"","overlay-opacity":"","overlay-gradient":""},"mobile":{"background-color":"var(--ast-global-color-5)","background-image":"","background-repeat":"repeat","background-position":"center center","background-size":"auto","background-attachment":"scroll","background-type":"","background-media":"","overlay-type":"","overlay-color":"","overlay-opacity":"","overlay-gradient":""}},"footnotes":""},"categories":[10],"tags":[322,324,323],"class_list":["post-12310","post","type-post","status-publish","format-standard","has-post-thumbnail","hentry","category-uutiset","tag-frenckell","tag-meijou","tag-saneeraushanke"],"yoast_head":"<!-- This site is optimized with the Yoast SEO plugin v28.3 - https:\/\/yoast.com\/product\/yoast-seo-wordpress\/ -->\n<title>Meijou p\u00e4\u00e4urakoitsijaksi historiallisen Frenckellin mittavaan saneeraushankkeeseen Tampereella -<\/title>\n<meta name=\"robots\" content=\"index, follow, max-snippet:-1, max-image-preview:large, max-video-preview:-1\" \/>\n<link rel=\"canonical\" href=\"https:\/\/tampereenkauppakamari.fi\/en\/meijou-paaurakoitsijaksi-historiallisen-frenckellin-mittavaan-saneeraushankkeeseen-tampereella\/\" \/>\n<meta property=\"og:locale\" content=\"en_US\" \/>\n<meta property=\"og:type\" content=\"article\" \/>\n<meta property=\"og:title\" content=\"Meijou p\u00e4\u00e4urakoitsijaksi historiallisen Frenckellin mittavaan saneeraushankkeeseen Tampereella -\" \/>\n<meta property=\"og:description\" content=\"Meijou toimii p\u00e4\u00e4urakoitsijana Tampereen ydinkeskustassa sijaitsevan historiallisen Frenckellin paperitehtaan mittavassa uudistuksessa. Ensimm\u00e4isen\u00e4 julkistettuna osana kokonaisuutta rakennukseen toteutetaan pohjoismaisen hotellikonserni Strawberryn operoima 168 huoneen lifestyle-hotelli ravintoloineen sek\u00e4 tapahtuma- ja kokoustiloineen. Hotellin on m\u00e4\u00e4r\u00e4 avautua vuonna 2028.\" \/>\n<meta property=\"og:url\" content=\"https:\/\/tampereenkauppakamari.fi\/en\/meijou-paaurakoitsijaksi-historiallisen-frenckellin-mittavaan-saneeraushankkeeseen-tampereella\/\" \/>\n<meta property=\"article:publisher\" content=\"https:\/\/www.facebook.com\/tampereenkauppakamar\" \/>\n<meta property=\"article:published_time\" content=\"2026-09-03T10:16:36+00:00\" \/>\n<meta property=\"og:image\" content=\"https:\/\/tampereenkauppakamari.fi\/wp-content\/uploads\/2026\/09\/Frenckell-Hotel-ilmakuva-Neva-Co-700x400-1.png\" \/>\n\t<meta property=\"og:image:width\" content=\"700\" \/>\n\t<meta property=\"og:image:height\" content=\"400\" \/>\n\t<meta property=\"og:image:type\" content=\"image\/png\" \/>\n<meta name=\"author\" content=\"Elli Tawast\" \/>\n<meta name=\"twitter:card\" content=\"summary_large_image\" \/>\n<meta name=\"twitter:label1\" content=\"Written by\" \/>\n\t<meta name=\"twitter:data1\" content=\"Elli Tawast\" \/>\n\t<meta name=\"twitter:label2\" content=\"Est. reading time\" \/>\n\t<meta name=\"twitter:data2\" content=\"4 minutes\" \/>\n<script type=\"application\/ld+json\" class=\"yoast-schema-graph\">{\"@context\":\"https:\\\/\\\/schema.org\",\"@graph\":[{\"@type\":\"Article\",\"@id\":\"https:\\\/\\\/tampereenkauppakamari.fi\\\/meijou-paaurakoitsijaksi-historiallisen-frenckellin-mittavaan-saneeraushankkeeseen-tampereella\\\/#article\",\"isPartOf\":{\"@id\":\"https:\\\/\\\/tampereenkauppakamari.fi\\\/meijou-paaurakoitsijaksi-historiallisen-frenckellin-mittavaan-saneeraushankkeeseen-tampereella\\\/\"},\"author\":{\"name\":\"Elli Tawast\",\"@id\":\"https:\\\/\\\/tampereenkauppakamari.fi\\\/#\\\/schema\\\/person\\\/348314e6862380df4af1d249d9619161\"},\"headline\":\"Meijou p\u00e4\u00e4urakoitsijaksi historiallisen Frenckellin mittavaan saneeraushankkeeseen Tampereella\",\"datePublished\":\"2026-09-03T10:16:36+00:00\",\"mainEntityOfPage\":{\"@id\":\"https:\\\/\\\/tampereenkauppakamari.fi\\\/meijou-paaurakoitsijaksi-historiallisen-frenckellin-mittavaan-saneeraushankkeeseen-tampereella\\\/\"},\"wordCount\":606,\"publisher\":{\"@id\":\"https:\\\/\\\/tampereenkauppakamari.fi\\\/#organization\"},\"image\":{\"@id\":\"https:\\\/\\\/tampereenkauppakamari.fi\\\/meijou-paaurakoitsijaksi-historiallisen-frenckellin-mittavaan-saneeraushankkeeseen-tampereella\\\/#primaryimage\"},\"thumbnailUrl\":\"https:\\\/\\\/tampereenkauppakamari.fi\\\/wp-content\\\/uploads\\\/2026\\\/09\\\/Frenckell-Hotel-ilmakuva-Neva-Co-700x400-1.png\",\"keywords\":[\"Frenckell\",\"Meijou\",\"saneeraushanke\"],\"articleSection\":[\"Uutiset\"],\"inLanguage\":\"en-US\"},{\"@type\":\"WebPage\",\"@id\":\"https:\\\/\\\/tampereenkauppakamari.fi\\\/meijou-paaurakoitsijaksi-historiallisen-frenckellin-mittavaan-saneeraushankkeeseen-tampereella\\\/\",\"url\":\"https:\\\/\\\/tampereenkauppakamari.fi\\\/meijou-paaurakoitsijaksi-historiallisen-frenckellin-mittavaan-saneeraushankkeeseen-tampereella\\\/\",\"name\":\"Meijou p\u00e4\u00e4urakoitsijaksi historiallisen Frenckellin mittavaan saneeraushankkeeseen Tampereella -\",\"isPartOf\":{\"@id\":\"https:\\\/\\\/tampereenkauppakamari.fi\\\/#website\"},\"primaryImageOfPage\":{\"@id\":\"https:\\\/\\\/tampereenkauppakamari.fi\\\/meijou-paaurakoitsijaksi-historiallisen-frenckellin-mittavaan-saneeraushankkeeseen-tampereella\\\/#primaryimage\"},\"image\":{\"@id\":\"https:\\\/\\\/tampereenkauppakamari.fi\\\/meijou-paaurakoitsijaksi-historiallisen-frenckellin-mittavaan-saneeraushankkeeseen-tampereella\\\/#primaryimage\"},\"thumbnailUrl\":\"https:\\\/\\\/tampereenkauppakamari.fi\\\/wp-content\\\/uploads\\\/2026\\\/09\\\/Frenckell-Hotel-ilmakuva-Neva-Co-700x400-1.png\",\"datePublished\":\"2026-09-03T10:16:36+00:00\",\"breadcrumb\":{\"@id\":\"https:\\\/\\\/tampereenkauppakamari.fi\\\/meijou-paaurakoitsijaksi-historiallisen-frenckellin-mittavaan-saneeraushankkeeseen-tampereella\\\/#breadcrumb\"},\"inLanguage\":\"en-US\",\"potentialAction\":[{\"@type\":\"ReadAction\",\"target\":[\"https:\\\/\\\/tampereenkauppakamari.fi\\\/meijou-paaurakoitsijaksi-historiallisen-frenckellin-mittavaan-saneeraushankkeeseen-tampereella\\\/\"]}]},{\"@type\":\"ImageObject\",\"inLanguage\":\"en-US\",\"@id\":\"https:\\\/\\\/tampereenkauppakamari.fi\\\/meijou-paaurakoitsijaksi-historiallisen-frenckellin-mittavaan-saneeraushankkeeseen-tampereella\\\/#primaryimage\",\"url\":\"https:\\\/\\\/tampereenkauppakamari.fi\\\/wp-content\\\/uploads\\\/2026\\\/09\\\/Frenckell-Hotel-ilmakuva-Neva-Co-700x400-1.png\",\"contentUrl\":\"https:\\\/\\\/tampereenkauppakamari.fi\\\/wp-content\\\/uploads\\\/2026\\\/09\\\/Frenckell-Hotel-ilmakuva-Neva-Co-700x400-1.png\",\"width\":700,\"height\":400},{\"@type\":\"BreadcrumbList\",\"@id\":\"https:\\\/\\\/tampereenkauppakamari.fi\\\/meijou-paaurakoitsijaksi-historiallisen-frenckellin-mittavaan-saneeraushankkeeseen-tampereella\\\/#breadcrumb\",\"itemListElement\":[{\"@type\":\"ListItem\",\"position\":1,\"name\":\"Home\",\"item\":\"https:\\\/\\\/tampereenkauppakamari.fi\\\/\"},{\"@type\":\"ListItem\",\"position\":2,\"name\":\"Meijou p\u00e4\u00e4urakoitsijaksi historiallisen Frenckellin mittavaan saneeraushankkeeseen Tampereella\"}]},{\"@type\":\"WebSite\",\"@id\":\"https:\\\/\\\/tampereenkauppakamari.fi\\\/#website\",\"url\":\"https:\\\/\\\/tampereenkauppakamari.fi\\\/\",\"name\":\"Tampereen kauppakamari\",\"description\":\"\",\"publisher\":{\"@id\":\"https:\\\/\\\/tampereenkauppakamari.fi\\\/#organization\"},\"potentialAction\":[{\"@type\":\"SearchAction\",\"target\":{\"@type\":\"EntryPoint\",\"urlTemplate\":\"https:\\\/\\\/tampereenkauppakamari.fi\\\/?s={search_term_string}\"},\"query-input\":{\"@type\":\"PropertyValueSpecification\",\"valueRequired\":true,\"valueName\":\"search_term_string\"}}],\"inLanguage\":\"en-US\"},{\"@type\":\"Organization\",\"@id\":\"https:\\\/\\\/tampereenkauppakamari.fi\\\/#organization\",\"name\":\"Tampereen kauppakamari\",\"url\":\"https:\\\/\\\/tampereenkauppakamari.fi\\\/\",\"logo\":{\"@type\":\"ImageObject\",\"inLanguage\":\"en-US\",\"@id\":\"https:\\\/\\\/tampereenkauppakamari.fi\\\/#\\\/schema\\\/logo\\\/image\\\/\",\"url\":\"https:\\\/\\\/tampereenkauppakamari.fi\\\/wp-content\\\/uploads\\\/2024\\\/03\\\/cropped-cropped-cropped-TKK-logo.png\",\"contentUrl\":\"https:\\\/\\\/tampereenkauppakamari.fi\\\/wp-content\\\/uploads\\\/2024\\\/03\\\/cropped-cropped-cropped-TKK-logo.png\",\"width\":1780,\"height\":496,\"caption\":\"Tampereen kauppakamari\"},\"image\":{\"@id\":\"https:\\\/\\\/tampereenkauppakamari.fi\\\/#\\\/schema\\\/logo\\\/image\\\/\"},\"sameAs\":[\"https:\\\/\\\/www.facebook.com\\\/tampereenkauppakamar\"]},{\"@type\":\"Person\",\"@id\":\"https:\\\/\\\/tampereenkauppakamari.fi\\\/#\\\/schema\\\/person\\\/348314e6862380df4af1d249d9619161\",\"name\":\"Elli Tawast\",\"sameAs\":[\"http:\\\/\\\/tampereenkauppakamari.fi\"],\"url\":\"https:\\\/\\\/tampereenkauppakamari.fi\\\/en\\\/author\\\/elli-tawast\\\/\"}]}<\/script>\n<!-- \/ Yoast SEO plugin. -->","yoast_head_json":{"title":"Meijou p\u00e4\u00e4urakoitsijaksi historiallisen Frenckellin mittavaan saneeraushankkeeseen Tampereella -","robots":{"index":"index","follow":"follow","max-snippet":"max-snippet:-1","max-image-preview":"max-image-preview:large","max-video-preview":"max-video-preview:-1"},"canonical":"https:\/\/tampereenkauppakamari.fi\/en\/meijou-paaurakoitsijaksi-historiallisen-frenckellin-mittavaan-saneeraushankkeeseen-tampereella\/","og_locale":"en_US","og_type":"article","og_title":"Meijou p\u00e4\u00e4urakoitsijaksi historiallisen Frenckellin mittavaan saneeraushankkeeseen Tampereella -","og_description":"Meijou toimii p\u00e4\u00e4urakoitsijana Tampereen ydinkeskustassa sijaitsevan historiallisen Frenckellin paperitehtaan mittavassa uudistuksessa. Ensimm\u00e4isen\u00e4 julkistettuna osana kokonaisuutta rakennukseen toteutetaan pohjoismaisen hotellikonserni Strawberryn operoima 168 huoneen lifestyle-hotelli ravintoloineen sek\u00e4 tapahtuma- ja kokoustiloineen. Hotellin on m\u00e4\u00e4r\u00e4 avautua vuonna 2028.","og_url":"https:\/\/tampereenkauppakamari.fi\/en\/meijou-paaurakoitsijaksi-historiallisen-frenckellin-mittavaan-saneeraushankkeeseen-tampereella\/","article_publisher":"https:\/\/www.facebook.com\/tampereenkauppakamar","article_published_time":"2026-09-03T10:16:36+00:00","og_image":[{"width":700,"height":400,"url":"https:\/\/tampereenkauppakamari.fi\/wp-content\/uploads\/2026\/09\/Frenckell-Hotel-ilmakuva-Neva-Co-700x400-1.png","type":"image\/png"}],"author":"Elli Tawast","twitter_card":"summary_large_image","twitter_misc":{"Written by":"Elli Tawast","Est. reading time":"4 minutes"},"schema":{"@context":"https:\/\/schema.org","@graph":[{"@type":"Article","@id":"https:\/\/tampereenkauppakamari.fi\/meijou-paaurakoitsijaksi-historiallisen-frenckellin-mittavaan-saneeraushankkeeseen-tampereella\/#article","isPartOf":{"@id":"https:\/\/tampereenkauppakamari.fi\/meijou-paaurakoitsijaksi-historiallisen-frenckellin-mittavaan-saneeraushankkeeseen-tampereella\/"},"author":{"name":"Elli Tawast","@id":"https:\/\/tampereenkauppakamari.fi\/#\/schema\/person\/348314e6862380df4af1d249d9619161"},"headline":"Meijou p\u00e4\u00e4urakoitsijaksi historiallisen Frenckellin mittavaan saneeraushankkeeseen Tampereella","datePublished":"2026-09-03T10:16:36+00:00","mainEntityOfPage":{"@id":"https:\/\/tampereenkauppakamari.fi\/meijou-paaurakoitsijaksi-historiallisen-frenckellin-mittavaan-saneeraushankkeeseen-tampereella\/"},"wordCount":606,"publisher":{"@id":"https:\/\/tampereenkauppakamari.fi\/#organization"},"image":{"@id":"https:\/\/tampereenkauppakamari.fi\/meijou-paaurakoitsijaksi-historiallisen-frenckellin-mittavaan-saneeraushankkeeseen-tampereella\/#primaryimage"},"thumbnailUrl":"https:\/\/tampereenkauppakamari.fi\/wp-content\/uploads\/2026\/09\/Frenckell-Hotel-ilmakuva-Neva-Co-700x400-1.png","keywords":["Frenckell","Meijou","saneeraushanke"],"articleSection":["Uutiset"],"inLanguage":"en-US"},{"@type":"WebPage","@id":"https:\/\/tampereenkauppakamari.fi\/meijou-paaurakoitsijaksi-historiallisen-frenckellin-mittavaan-saneeraushankkeeseen-tampereella\/","url":"https:\/\/tampereenkauppakamari.fi\/meijou-paaurakoitsijaksi-historiallisen-frenckellin-mittavaan-saneeraushankkeeseen-tampereella\/","name":"Meijou p\u00e4\u00e4urakoitsijaksi historiallisen Frenckellin mittavaan saneeraushankkeeseen Tampereella -","isPartOf":{"@id":"https:\/\/tampereenkauppakamari.fi\/#website"},"primaryImageOfPage":{"@id":"https:\/\/tampereenkauppakamari.fi\/meijou-paaurakoitsijaksi-historiallisen-frenckellin-mittavaan-saneeraushankkeeseen-tampereella\/#primaryimage"},"image":{"@id":"https:\/\/tampereenkauppakamari.fi\/meijou-paaurakoitsijaksi-historiallisen-frenckellin-mittavaan-saneeraushankkeeseen-tampereella\/#primaryimage"},"thumbnailUrl":"https:\/\/tampereenkauppakamari.fi\/wp-content\/uploads\/2026\/09\/Frenckell-Hotel-ilmakuva-Neva-Co-700x400-1.png","datePublished":"2026-09-03T10:16:36+00:00","breadcrumb":{"@id":"https:\/\/tampereenkauppakamari.fi\/meijou-paaurakoitsijaksi-historiallisen-frenckellin-mittavaan-saneeraushankkeeseen-tampereella\/#breadcrumb"},"inLanguage":"en-US","potentialAction":[{"@type":"ReadAction","target":["https:\/\/tampereenkauppakamari.fi\/meijou-paaurakoitsijaksi-historiallisen-frenckellin-mittavaan-saneeraushankkeeseen-tampereella\/"]}]},{"@type":"ImageObject","inLanguage":"en-US","@id":"https:\/\/tampereenkauppakamari.fi\/meijou-paaurakoitsijaksi-historiallisen-frenckellin-mittavaan-saneeraushankkeeseen-tampereella\/#primaryimage","url":"https:\/\/tampereenkauppakamari.fi\/wp-content\/uploads\/2026\/09\/Frenckell-Hotel-ilmakuva-Neva-Co-700x400-1.png","contentUrl":"https:\/\/tampereenkauppakamari.fi\/wp-content\/uploads\/2026\/09\/Frenckell-Hotel-ilmakuva-Neva-Co-700x400-1.png","width":700,"height":400},{"@type":"BreadcrumbList","@id":"https:\/\/tampereenkauppakamari.fi\/meijou-paaurakoitsijaksi-historiallisen-frenckellin-mittavaan-saneeraushankkeeseen-tampereella\/#breadcrumb","itemListElement":[{"@type":"ListItem","position":1,"name":"Home","item":"https:\/\/tampereenkauppakamari.fi\/"},{"@type":"ListItem","position":2,"name":"Meijou p\u00e4\u00e4urakoitsijaksi historiallisen Frenckellin mittavaan saneeraushankkeeseen Tampereella"}]},{"@type":"WebSite","@id":"https:\/\/tampereenkauppakamari.fi\/#website","url":"https:\/\/tampereenkauppakamari.fi\/","name":"***","description":"","publisher":{"@id":"https:\/\/tampereenkauppakamari.fi\/#organization"},"potentialAction":[{"@type":"SearchAction","target":{"@type":"EntryPoint","urlTemplate":"https:\/\/tampereenkauppakamari.fi\/?s={search_term_string}"},"query-input":{"@type":"PropertyValueSpecification","valueRequired":true,"valueName":"search_term_string"}}],"inLanguage":"en-US"},{"@type":"Organization","@id":"https:\/\/tampereenkauppakamari.fi\/#organization","name":"***","url":"https:\/\/tampereenkauppakamari.fi\/","logo":{"@type":"ImageObject","inLanguage":"en-US","@id":"https:\/\/tampereenkauppakamari.fi\/#\/schema\/logo\/image\/","url":"https:\/\/tampereenkauppakamari.fi\/wp-content\/uploads\/2024\/03\/cropped-cropped-cropped-TKK-logo.png","contentUrl":"https:\/\/tampereenkauppakamari.fi\/wp-content\/uploads\/2024\/03\/cropped-cropped-cropped-TKK-logo.png","width":1780,"height":496,"caption":"Tampereen kauppakamari"},"image":{"@id":"https:\/\/tampereenkauppakamari.fi\/#\/schema\/logo\/image\/"},"sameAs":["https:\/\/www.facebook.com\/tampereenkauppakamar"]},{"@type":"Person","@id":"https:\/\/tampereenkauppakamari.fi\/#\/schema\/person\/348314e6862380df4af1d249d9619161","name":"Elli Tawast","sameAs":["http:\/\/tampereenkauppakamari.fi"],"url":"https:\/\/tampereenkauppakamari.fi\/en\/author\/elli-tawast\/"}]}},"uagb_featured_image_src":{"full":["https:\/\/tampereenkauppakamari.fi\/wp-content\/uploads\/2026\/09\/Frenckell-Hotel-ilmakuva-Neva-Co-700x400-1.png",700,400,false],"thumbnail":["https:\/\/tampereenkauppakamari.fi\/wp-content\/uploads\/2026\/09\/Frenckell-Hotel-ilmakuva-Neva-Co-700x400-1-150x150.png",150,150,true],"medium":["https:\/\/tampereenkauppakamari.fi\/wp-content\/uploads\/2026\/09\/Frenckell-Hotel-ilmakuva-Neva-Co-700x400-1-300x171.png",300,171,true],"medium_large":["https:\/\/tampereenkauppakamari.fi\/wp-content\/uploads\/2026\/09\/Frenckell-Hotel-ilmakuva-Neva-Co-700x400-1.png",700,400,false],"large":["https:\/\/tampereenkauppakamari.fi\/wp-content\/uploads\/2026\/09\/Frenckell-Hotel-ilmakuva-Neva-Co-700x400-1.png",700,400,false],"1536x1536":["https:\/\/tampereenkauppakamari.fi\/wp-content\/uploads\/2026\/09\/Frenckell-Hotel-ilmakuva-Neva-Co-700x400-1.png",700,400,false],"2048x2048":["https:\/\/tampereenkauppakamari.fi\/wp-content\/uploads\/2026\/09\/Frenckell-Hotel-ilmakuva-Neva-Co-700x400-1.png",700,400,false],"trp-custom-language-flag":["https:\/\/tampereenkauppakamari.fi\/wp-content\/uploads\/2026\/09\/Frenckell-Hotel-ilmakuva-Neva-Co-700x400-1-18x10.png",18,10,true],"calendar-event":["https:\/\/tampereenkauppakamari.fi\/wp-content\/uploads\/2026\/09\/Frenckell-Hotel-ilmakuva-Neva-Co-700x400-1-384x195.png",384,195,true],"calendar-event-2x":["https:\/\/tampereenkauppakamari.fi\/wp-content\/uploads\/2026\/09\/Frenckell-Hotel-ilmakuva-Neva-Co-700x400-1-700x390.png",700,390,true]},"uagb_author_info":{"display_name":"Elli Tawast","author_link":"https:\/\/tampereenkauppakamari.fi\/en\/author\/elli-tawast\/"},"uagb_comment_info":0,"uagb_excerpt":"Meijou toimii p\u00e4\u00e4urakoitsijana Tampereen ydinkeskustassa sijaitsevan historiallisen Frenckellin paperitehtaan mittavassa uudistuksessa. Ensimm\u00e4isen\u00e4 julkistettuna osana kokonaisuutta rakennukseen toteutetaan pohjoismaisen hotellikonserni Strawberryn operoima 168 huoneen lifestyle-hotelli ravintoloineen sek\u00e4 tapahtuma- ja kokoustiloineen. Hotellin on m\u00e4\u00e4r\u00e4 avautua vuonna 2028.","_links":{"self":[{"href":"https:\/\/tampereenkauppakamari.fi\/en\/wp-json\/wp\/v2\/posts\/12310","targetHints":{"allow":["GET"]}}],"collection":[{"href":"https:\/\/tampereenkauppakamari.fi\/en\/wp-json\/wp\/v2\/posts"}],"about":[{"href":"https:\/\/tampereenkauppakamari.fi\/en\/wp-json\/wp\/v2\/types\/post"}],"author":[{"embeddable":true,"href":"https:\/\/tampereenkauppakamari.fi\/en\/wp-json\/wp\/v2\/users\/24"}],"replies":[{"embeddable":true,"href":"https:\/\/tampereenkauppakamari.fi\/en\/wp-json\/wp\/v2\/comments?post=12310"}],"version-history":[{"count":3,"href":"https:\/\/tampereenkauppakamari.fi\/en\/wp-json\/wp\/v2\/posts\/12310\/revisions"}],"predecessor-version":[{"id":12315,"href":"https:\/\/tampereenkauppakamari.fi\/en\/wp-json\/wp\/v2\/posts\/12310\/revisions\/12315"}],"wp:featuredmedia":[{"embeddable":true,"href":"https:\/\/tampereenkauppakamari.fi\/en\/wp-json\/wp\/v2\/media\/12312"}],"wp:attachment":[{"href":"https:\/\/tampereenkauppakamari.fi\/en\/wp-json\/wp\/v2\/media?parent=12310"}],"wp:term":[{"taxonomy":"category","embeddable":true,"href":"https:\/\/tampereenkauppakamari.fi\/en\/wp-json\/wp\/v2\/categories?post=12310"},{"taxonomy":"post_tag","embeddable":true,"href":"https:\/\/tampereenkauppakamari.fi\/en\/wp-json\/wp\/v2\/tags?post=12310"}],"curies":[{"name":"wp","href":"https:\/\/api.w.org\/{rel}","templated":true}]}}