{"id":12291,"date":"2026-09-02T11:06:56","date_gmt":"2026-09-02T08:06:56","guid":{"rendered":"https:\/\/tampereenkauppakamari.fi\/?p=12291"},"modified":"2026-09-02T11:06:57","modified_gmt":"2026-09-02T08:06:57","slug":"kauppakamarikysely-yha-harvempi-yritys-rekrytoi-kansainvalisia-osaajia-ongelmana-ei-ole-halu-tai-asenne-vaan-kaytannon-esteet","status":"publish","type":"post","link":"https:\/\/tampereenkauppakamari.fi\/en\/kauppakamarikysely-yha-harvempi-yritys-rekrytoi-kansainvalisia-osaajia-ongelmana-ei-ole-halu-tai-asenne-vaan-kaytannon-esteet\/","title":{"rendered":"Kauppakamarikysely: Yh\u00e4 harvempi yritys rekrytoi kansainv\u00e4lisi\u00e4 osaajia: \u201dOngelmana ei ole halu tai asenne, vaan k\u00e4yt\u00e4nn\u00f6n esteet\u201d"},"content":{"rendered":"<figure class=\"wp-block-image size-full\"><img loading=\"lazy\" decoding=\"async\" width=\"700\" height=\"400\" src=\"https:\/\/tampereenkauppakamari.fi\/wp-content\/uploads\/2026\/08\/Osaajakysely-700x400-1.png\" alt=\"\" class=\"wp-image-12292\" srcset=\"https:\/\/tampereenkauppakamari.fi\/wp-content\/uploads\/2026\/08\/Osaajakysely-700x400-1.png 700w, https:\/\/tampereenkauppakamari.fi\/wp-content\/uploads\/2026\/08\/Osaajakysely-700x400-1-18x10.png 18w, https:\/\/tampereenkauppakamari.fi\/wp-content\/uploads\/2026\/08\/Osaajakysely-700x400-1-300x171.png 300w\" sizes=\"auto, (max-width: 700px) 100vw, 700px\" \/><figcaption class=\"wp-element-caption\"><em>Kauppakamarien osaajakysely tehtiin 17.8.-23.8.2025 ja siihen vastasi 885 yrityst\u00e4 eri toimialoilta eri puolilta Suomea.<\/em><\/figcaption><\/figure>\n\n\n\n<p class=\"wp-block-paragraph\" style=\"margin-top:var(--wp--preset--spacing--50);margin-bottom:var(--wp--preset--spacing--50)\"><strong>Vain noin joka nelj\u00e4s yritys on rekrytoinut kansainv\u00e4lisi\u00e4 osaajia viiden viime vuoden aikana, mutta niit\u00e4 tehneet yritykset arvioivat kokemuksensa p\u00e4\u00e4osin my\u00f6nteisiksi, k\u00e4y ilmi kauppakamarien osaajakyselyst\u00e4.<\/strong><\/p>\n\n\n\n<p class=\"wp-block-paragraph\" style=\"margin-top:var(--wp--preset--spacing--50);margin-bottom:var(--wp--preset--spacing--50)\">Kauppakamarien osaajakyselyyn vastanneista yrityksist\u00e4 24 prosenttia kertoo rekrytoineensa kansainv\u00e4lisi\u00e4 osaajia viimeisen viiden vuoden aikana. Osuus on laskenut selv\u00e4sti viime vuosina: vuonna 2025 rekrytoineita oli 28 prosenttia vastanneista ja vuonna 2024 viel\u00e4 37 prosenttia. Rekrytointeja jarruttavat erityisesti osaajien l\u00f6yt\u00e4minen, lupa- ja viranomaisprosessit sek\u00e4 kielitaitoon liittyv\u00e4t haasteet.<\/p>\n\n\n\n<p class=\"wp-block-paragraph\" style=\"margin-top:var(--wp--preset--spacing--50);margin-bottom:var(--wp--preset--spacing--50)\">Samaan aikaan kolme nelj\u00e4sosaa kansainv\u00e4lisi\u00e4 osaajia rekrytoineista yrityksist\u00e4 arvioi kokemuksensa my\u00f6nteisiksi tai eritt\u00e4in my\u00f6nteisiksi. My\u00f6nteisten kokemusten osuus on my\u00f6s kasvanut viime vuosina.<\/p>\n\n\n\n<p class=\"wp-block-paragraph\" style=\"margin-top:var(--wp--preset--spacing--50);margin-bottom:var(--wp--preset--spacing--50)\">&#8221;Yritysten kokemukset kansainv\u00e4lisist\u00e4 rekrytoinneista ovat huomattavasti my\u00f6nteisempi\u00e4 kuin julkisesta keskustelusta voisi p\u00e4\u00e4tell\u00e4&#8221;, sanoo Keskuskauppakamarin johtava asiantuntija Suvi Pulkkinen.<\/p>\n\n\n\n<p class=\"wp-block-paragraph\" style=\"margin-top:var(--wp--preset--spacing--50);margin-bottom:var(--wp--preset--spacing--50)\">Kielteisi\u00e4 kokemuksia raportoi vain nelj\u00e4 prosenttia kansainv\u00e4lisi\u00e4 rekrytointeja tehneist\u00e4 vastaajista.<\/p>\n\n\n\n<h2 class=\"wp-block-heading\" style=\"margin-top:var(--wp--preset--spacing--50);margin-bottom:var(--wp--preset--spacing--50)\"><strong>K\u00e4yt\u00e4nn\u00f6n esteet ja byrokratia jarruttavat rekrytointeja<\/strong><\/h2>\n\n\n\n<p class=\"wp-block-paragraph\" style=\"margin-top:var(--wp--preset--spacing--50);margin-bottom:var(--wp--preset--spacing--50)\">Hieman yli nelj\u00e4nnes yrityksist\u00e4 ei ole viel\u00e4 rekrytoinut kansainv\u00e4lisi\u00e4 osaajia, mutta voisi harkita sit\u00e4. Sen sijaan l\u00e4hes puolet yrityksist\u00e4 ei ole rekrytoinut kansainv\u00e4lisi\u00e4 osaajia eik\u00e4 my\u00f6sk\u00e4\u00e4n suunnittele sit\u00e4.<\/p>\n\n\n\n<p class=\"wp-block-paragraph\" style=\"margin-top:var(--wp--preset--spacing--50);margin-bottom:var(--wp--preset--spacing--50)\">Kysely tulosten mukaan suurimmat erot rekrytoineiden ja vasta harkitsevien yritysten v\u00e4lill\u00e4 liittyv\u00e4t osaamiseen rekrytoinnin alkuvaiheessa: osaajien l\u00f6yt\u00e4miseen, lupa-asioiden hoitamiseen ja viranomaisasiointiin. Ty\u00f6paikan arjessa, kuten monikielisen ja -kulttuurisen henkil\u00f6st\u00f6n johtamisessa, erot ovat pienempi\u00e4.<\/p>\n\n\n\n<p class=\"wp-block-paragraph\" style=\"margin-top:var(--wp--preset--spacing--50);margin-bottom:var(--wp--preset--spacing--50)\">&#8221;Monessa yrityksess\u00e4 ongelmana ei ole halu tai asenne, vaan k\u00e4yt\u00e4nn\u00f6n esteet. Kansainv\u00e4lisen osaajan palkkaamisesta pit\u00e4\u00e4 tehd\u00e4 yrityksille nykyist\u00e4 helpompaa: Maahantulon palvelupolkua pit\u00e4\u00e4 sujuvoittaa ja tarvetta fyysiseen asiointiin v\u00e4hent\u00e4\u00e4. My\u00f6s saatavuusharkinnasta olisi aika luopua\u201d, Pulkkinen sanoo.&nbsp;<\/p>\n\n\n\n<p class=\"wp-block-paragraph\" style=\"margin-top:var(--wp--preset--spacing--50);margin-bottom:var(--wp--preset--spacing--50)\">Yritykset, jotka eiv\u00e4t harkitse kansainv\u00e4lisi\u00e4 rekrytointeja, korostavat erityisesti sit\u00e4, ett\u00e4 ty\u00f6teht\u00e4v\u00e4t edellytt\u00e4v\u00e4t \u00e4idinkielen tasoista suomen tai ruotsin kielen osaamista. He my\u00f6s arvioivat valmiuksiaan ottaa kansainv\u00e4lisi\u00e4 osaajia osaksi ty\u00f6yhteis\u00f6\u00e4 ja perehdytt\u00e4\u00e4 heit\u00e4 teht\u00e4viin selv\u00e4sti muita heikommiksi. Lis\u00e4ksi merkitt\u00e4v\u00e4 osa yrityksist\u00e4 arvioi, ettei niill\u00e4 ole tarvetta lis\u00e4ty\u00f6voimalle.<\/p>\n\n\n\n<p class=\"wp-block-paragraph\" style=\"margin-top:var(--wp--preset--spacing--50);margin-bottom:var(--wp--preset--spacing--50)\">&#8221;Kieli on edelleen yksi merkitt\u00e4vimmist\u00e4 kansainv\u00e4listen rekrytointien pullonkauloista. Kyse ei ole vain yksil\u00f6iden kielitaidosta, vaan my\u00f6s ty\u00f6paikkojen valmiudesta hy\u00f6dynt\u00e4\u00e4 monikielisyytt\u00e4 osana liiketoimintaansa&#8221;, Pulkkinen sanoo.<\/p>\n\n\n\n<p class=\"wp-block-paragraph\" style=\"margin-top:var(--wp--preset--spacing--50);margin-bottom:var(--wp--preset--spacing--50)\">Pulkkisen mukaan Suomessa tulisi panostaa nykyist\u00e4 tavoitteellisemmin kielten oppimiseen jo peruskoulusta l\u00e4htien. Samalla yrityksille tulisi tarjota enemm\u00e4n k\u00e4yt\u00e4nn\u00f6nl\u00e4heist\u00e4 tukea, suoria kontakteja kansainv\u00e4lisiin osaajiin sek\u00e4 palveluja yrityksille, joilla on tunnistettu tarve uusille osaajille.<\/p>\n\n\n\n<p class=\"wp-block-paragraph\" style=\"margin-top:var(--wp--preset--spacing--50);margin-bottom:var(--wp--preset--spacing--50)\">&#8221;Heikosta ty\u00f6llisyystilanteesta huolimatta Suomessa on paljon teht\u00e4vi\u00e4, joihin yritysten on vaikeaa l\u00f6yt\u00e4\u00e4 tekij\u00f6it\u00e4. Samaan aikaan moni yritys olisi valmis harkitsemaan kansainv\u00e4lisen osaajan palkkaamista. Seuraava kasvuloikka syntyy, jos onnistumme muuttamaan harkinnan rekrytoinneiksi.\u201d Pulkkinen toteaa.<\/p>\n\n\n\n<p class=\"wp-block-paragraph\" style=\"margin-top:var(--wp--preset--spacing--50);margin-bottom:var(--wp--preset--spacing--50)\"><em>Kauppakamarien osaajakysely tehtiin 17.8.-23.8.2025 ja siihen vastasi 885 yrityst\u00e4 eri toimialoilta eri puolilta Suomea. Vastaajajoukko koostui p\u00e4\u00e4osin pienist\u00e4 ja keskisuurista yrityksist\u00e4. Eniten kyselyyn vastasi palvelualan yritykset. Kyselyn aineisto on ker\u00e4tty s\u00e4hk\u00f6postitse kauppakamarien j\u00e4senyrityksilt\u00e4. Kyselyyn on voinut vastata yhden kerran j\u00e4senyrityst\u00e4 kohden.<\/em><\/p>\n\n\n\n<p class=\"wp-block-paragraph\" style=\"margin-top:var(--wp--preset--spacing--50);margin-bottom:var(--wp--preset--spacing--50)\"><strong>Lis\u00e4tiedot:<\/strong><br>Suvi Pulkkinen<br>Johtava asiantuntija<br>Keskuskauppakamari<\/p>\n\n\n\n<div data-wp-interactive=\"core\/file\" class=\"wp-block-file\"><object data-wp-bind--hidden=\"!state.hasPdfPreview\" hidden class=\"wp-block-file__embed\" data=\"https:\/\/tampereenkauppakamari.fi\/wp-content\/uploads\/2026\/08\/Osaajakysely-kv-data-1.pdf\" type=\"application\/pdf\" style=\"width:100%;height:600px\" aria-label=\"Embed of Osaajakysely kv-data (1).\"><\/object><a id=\"wp-block-file--media-aae357fa-f525-476f-8c2b-4650b7294b3c\" href=\"https:\/\/tampereenkauppakamari.fi\/wp-content\/uploads\/2026\/08\/Osaajakysely-kv-data-1.pdf\">Osaajakysely kv-data (1)<\/a><a href=\"https:\/\/tampereenkauppakamari.fi\/wp-content\/uploads\/2026\/08\/Osaajakysely-kv-data-1.pdf\" class=\"wp-block-file__button wp-element-button\" download aria-describedby=\"wp-block-file--media-aae357fa-f525-476f-8c2b-4650b7294b3c\">Lataa<\/a><\/div>","protected":false},"excerpt":{"rendered":"<p>Vain noin joka nelj\u00e4s yritys on rekrytoinut kansainv\u00e4lisi\u00e4 osaajia viiden viime vuoden aikana, mutta niit\u00e4 tehneet yritykset arvioivat kokemuksensa p\u00e4\u00e4osin my\u00f6nteisiksi, k\u00e4y ilmi kauppakamarien osaajakyselyst\u00e4.<\/p>","protected":false},"author":24,"featured_media":12292,"comment_status":"closed","ping_status":"closed","sticky":false,"template":"","format":"standard","meta":{"_uag_custom_page_level_css":"","site-sidebar-layout":"default","site-content-layout":"","ast-site-content-layout":"default","site-content-style":"default","site-sidebar-style":"default","ast-global-header-display":"","ast-banner-title-visibility":"","ast-main-header-display":"","ast-hfb-above-header-display":"","ast-hfb-below-header-display":"","ast-hfb-mobile-header-display":"","site-post-title":"","ast-breadcrumbs-content":"","ast-featured-img":"","footer-sml-layout":"","ast-disable-related-posts":"","theme-transparent-header-meta":"","adv-header-id-meta":"","stick-header-meta":"","header-above-stick-meta":"","header-main-stick-meta":"","header-below-stick-meta":"","astra-migrate-meta-layouts":"default","ast-page-background-enabled":"default","ast-page-background-meta":{"desktop":{"background-color":"var(--ast-global-color-4)","background-image":"","background-repeat":"repeat","background-position":"center center","background-size":"auto","background-attachment":"scroll","background-type":"","background-media":"","overlay-type":"","overlay-color":"","overlay-opacity":"","overlay-gradient":""},"tablet":{"background-color":"","background-image":"","background-repeat":"repeat","background-position":"center center","background-size":"auto","background-attachment":"scroll","background-type":"","background-media":"","overlay-type":"","overlay-color":"","overlay-opacity":"","overlay-gradient":""},"mobile":{"background-color":"","background-image":"","background-repeat":"repeat","background-position":"center center","background-size":"auto","background-attachment":"scroll","background-type":"","background-media":"","overlay-type":"","overlay-color":"","overlay-opacity":"","overlay-gradient":""}},"ast-content-background-meta":{"desktop":{"background-color":"var(--ast-global-color-5)","background-image":"","background-repeat":"repeat","background-position":"center center","background-size":"auto","background-attachment":"scroll","background-type":"","background-media":"","overlay-type":"","overlay-color":"","overlay-opacity":"","overlay-gradient":""},"tablet":{"background-color":"var(--ast-global-color-5)","background-image":"","background-repeat":"repeat","background-position":"center center","background-size":"auto","background-attachment":"scroll","background-type":"","background-media":"","overlay-type":"","overlay-color":"","overlay-opacity":"","overlay-gradient":""},"mobile":{"background-color":"var(--ast-global-color-5)","background-image":"","background-repeat":"repeat","background-position":"center center","background-size":"auto","background-attachment":"scroll","background-type":"","background-media":"","overlay-type":"","overlay-color":"","overlay-opacity":"","overlay-gradient":""}},"footnotes":""},"categories":[10],"tags":[182,113,229,321],"class_list":["post-12291","post","type-post","status-publish","format-standard","has-post-thumbnail","hentry","category-uutiset","tag-kansainvalisyys","tag-kauppakamarikysely","tag-osaajakysely","tag-rekrytoinnit"],"yoast_head":"<!-- This site is optimized with the Yoast SEO plugin v28.3 - https:\/\/yoast.com\/product\/yoast-seo-wordpress\/ -->\n<title>Kauppakamarikysely: Yh\u00e4 harvempi yritys rekrytoi kansainv\u00e4lisi\u00e4 osaajia: \u201dOngelmana ei ole halu tai asenne, vaan k\u00e4yt\u00e4nn\u00f6n esteet\u201d -<\/title>\n<meta name=\"robots\" content=\"index, follow, max-snippet:-1, max-image-preview:large, max-video-preview:-1\" \/>\n<link rel=\"canonical\" href=\"https:\/\/tampereenkauppakamari.fi\/en\/kauppakamarikysely-yha-harvempi-yritys-rekrytoi-kansainvalisia-osaajia-ongelmana-ei-ole-halu-tai-asenne-vaan-kaytannon-esteet\/\" \/>\n<meta property=\"og:locale\" content=\"en_US\" \/>\n<meta property=\"og:type\" content=\"article\" \/>\n<meta property=\"og:title\" content=\"Kauppakamarikysely: Yh\u00e4 harvempi yritys rekrytoi kansainv\u00e4lisi\u00e4 osaajia: \u201dOngelmana ei ole halu tai asenne, vaan k\u00e4yt\u00e4nn\u00f6n esteet\u201d -\" \/>\n<meta property=\"og:description\" content=\"Vain noin joka nelj\u00e4s yritys on rekrytoinut kansainv\u00e4lisi\u00e4 osaajia viiden viime vuoden aikana, mutta niit\u00e4 tehneet yritykset arvioivat kokemuksensa p\u00e4\u00e4osin my\u00f6nteisiksi, k\u00e4y ilmi kauppakamarien osaajakyselyst\u00e4.\" \/>\n<meta property=\"og:url\" content=\"https:\/\/tampereenkauppakamari.fi\/en\/kauppakamarikysely-yha-harvempi-yritys-rekrytoi-kansainvalisia-osaajia-ongelmana-ei-ole-halu-tai-asenne-vaan-kaytannon-esteet\/\" \/>\n<meta property=\"article:publisher\" content=\"https:\/\/www.facebook.com\/tampereenkauppakamar\" \/>\n<meta property=\"article:published_time\" content=\"2026-09-02T08:06:56+00:00\" \/>\n<meta property=\"article:modified_time\" content=\"2026-09-02T08:06:57+00:00\" \/>\n<meta property=\"og:image\" content=\"https:\/\/tampereenkauppakamari.fi\/wp-content\/uploads\/2026\/08\/Osaajakysely-700x400-1.png\" \/>\n\t<meta property=\"og:image:width\" content=\"700\" \/>\n\t<meta property=\"og:image:height\" content=\"400\" \/>\n\t<meta property=\"og:image:type\" content=\"image\/png\" \/>\n<meta name=\"author\" content=\"Elli Tawast\" \/>\n<meta name=\"twitter:card\" content=\"summary_large_image\" \/>\n<meta name=\"twitter:label1\" content=\"Written by\" \/>\n\t<meta name=\"twitter:data1\" content=\"Elli Tawast\" \/>\n\t<meta name=\"twitter:label2\" content=\"Est. reading time\" \/>\n\t<meta name=\"twitter:data2\" content=\"4 minutes\" \/>\n<script type=\"application\/ld+json\" class=\"yoast-schema-graph\">{\"@context\":\"https:\\\/\\\/schema.org\",\"@graph\":[{\"@type\":\"Article\",\"@id\":\"https:\\\/\\\/tampereenkauppakamari.fi\\\/kauppakamarikysely-yha-harvempi-yritys-rekrytoi-kansainvalisia-osaajia-ongelmana-ei-ole-halu-tai-asenne-vaan-kaytannon-esteet\\\/#article\",\"isPartOf\":{\"@id\":\"https:\\\/\\\/tampereenkauppakamari.fi\\\/kauppakamarikysely-yha-harvempi-yritys-rekrytoi-kansainvalisia-osaajia-ongelmana-ei-ole-halu-tai-asenne-vaan-kaytannon-esteet\\\/\"},\"author\":{\"name\":\"Elli Tawast\",\"@id\":\"https:\\\/\\\/tampereenkauppakamari.fi\\\/#\\\/schema\\\/person\\\/348314e6862380df4af1d249d9619161\"},\"headline\":\"Kauppakamarikysely: Yh\u00e4 harvempi yritys rekrytoi kansainv\u00e4lisi\u00e4 osaajia: \u201dOngelmana ei ole halu tai asenne, vaan k\u00e4yt\u00e4nn\u00f6n esteet\u201d\",\"datePublished\":\"2026-09-02T08:06:56+00:00\",\"dateModified\":\"2026-09-02T08:06:57+00:00\",\"mainEntityOfPage\":{\"@id\":\"https:\\\/\\\/tampereenkauppakamari.fi\\\/kauppakamarikysely-yha-harvempi-yritys-rekrytoi-kansainvalisia-osaajia-ongelmana-ei-ole-halu-tai-asenne-vaan-kaytannon-esteet\\\/\"},\"wordCount\":515,\"publisher\":{\"@id\":\"https:\\\/\\\/tampereenkauppakamari.fi\\\/#organization\"},\"image\":{\"@id\":\"https:\\\/\\\/tampereenkauppakamari.fi\\\/kauppakamarikysely-yha-harvempi-yritys-rekrytoi-kansainvalisia-osaajia-ongelmana-ei-ole-halu-tai-asenne-vaan-kaytannon-esteet\\\/#primaryimage\"},\"thumbnailUrl\":\"https:\\\/\\\/tampereenkauppakamari.fi\\\/wp-content\\\/uploads\\\/2026\\\/08\\\/Osaajakysely-700x400-1.png\",\"keywords\":[\"kansainv\u00e4lisyys\",\"kauppakamarikysely\",\"osaajakysely\",\"rekrytoinnit\"],\"articleSection\":[\"Uutiset\"],\"inLanguage\":\"en-US\"},{\"@type\":\"WebPage\",\"@id\":\"https:\\\/\\\/tampereenkauppakamari.fi\\\/kauppakamarikysely-yha-harvempi-yritys-rekrytoi-kansainvalisia-osaajia-ongelmana-ei-ole-halu-tai-asenne-vaan-kaytannon-esteet\\\/\",\"url\":\"https:\\\/\\\/tampereenkauppakamari.fi\\\/kauppakamarikysely-yha-harvempi-yritys-rekrytoi-kansainvalisia-osaajia-ongelmana-ei-ole-halu-tai-asenne-vaan-kaytannon-esteet\\\/\",\"name\":\"Kauppakamarikysely: Yh\u00e4 harvempi yritys rekrytoi kansainv\u00e4lisi\u00e4 osaajia: \u201dOngelmana ei ole halu tai asenne, vaan k\u00e4yt\u00e4nn\u00f6n esteet\u201d -\",\"isPartOf\":{\"@id\":\"https:\\\/\\\/tampereenkauppakamari.fi\\\/#website\"},\"primaryImageOfPage\":{\"@id\":\"https:\\\/\\\/tampereenkauppakamari.fi\\\/kauppakamarikysely-yha-harvempi-yritys-rekrytoi-kansainvalisia-osaajia-ongelmana-ei-ole-halu-tai-asenne-vaan-kaytannon-esteet\\\/#primaryimage\"},\"image\":{\"@id\":\"https:\\\/\\\/tampereenkauppakamari.fi\\\/kauppakamarikysely-yha-harvempi-yritys-rekrytoi-kansainvalisia-osaajia-ongelmana-ei-ole-halu-tai-asenne-vaan-kaytannon-esteet\\\/#primaryimage\"},\"thumbnailUrl\":\"https:\\\/\\\/tampereenkauppakamari.fi\\\/wp-content\\\/uploads\\\/2026\\\/08\\\/Osaajakysely-700x400-1.png\",\"datePublished\":\"2026-09-02T08:06:56+00:00\",\"dateModified\":\"2026-09-02T08:06:57+00:00\",\"breadcrumb\":{\"@id\":\"https:\\\/\\\/tampereenkauppakamari.fi\\\/kauppakamarikysely-yha-harvempi-yritys-rekrytoi-kansainvalisia-osaajia-ongelmana-ei-ole-halu-tai-asenne-vaan-kaytannon-esteet\\\/#breadcrumb\"},\"inLanguage\":\"en-US\",\"potentialAction\":[{\"@type\":\"ReadAction\",\"target\":[\"https:\\\/\\\/tampereenkauppakamari.fi\\\/kauppakamarikysely-yha-harvempi-yritys-rekrytoi-kansainvalisia-osaajia-ongelmana-ei-ole-halu-tai-asenne-vaan-kaytannon-esteet\\\/\"]}]},{\"@type\":\"ImageObject\",\"inLanguage\":\"en-US\",\"@id\":\"https:\\\/\\\/tampereenkauppakamari.fi\\\/kauppakamarikysely-yha-harvempi-yritys-rekrytoi-kansainvalisia-osaajia-ongelmana-ei-ole-halu-tai-asenne-vaan-kaytannon-esteet\\\/#primaryimage\",\"url\":\"https:\\\/\\\/tampereenkauppakamari.fi\\\/wp-content\\\/uploads\\\/2026\\\/08\\\/Osaajakysely-700x400-1.png\",\"contentUrl\":\"https:\\\/\\\/tampereenkauppakamari.fi\\\/wp-content\\\/uploads\\\/2026\\\/08\\\/Osaajakysely-700x400-1.png\",\"width\":700,\"height\":400},{\"@type\":\"BreadcrumbList\",\"@id\":\"https:\\\/\\\/tampereenkauppakamari.fi\\\/kauppakamarikysely-yha-harvempi-yritys-rekrytoi-kansainvalisia-osaajia-ongelmana-ei-ole-halu-tai-asenne-vaan-kaytannon-esteet\\\/#breadcrumb\",\"itemListElement\":[{\"@type\":\"ListItem\",\"position\":1,\"name\":\"Home\",\"item\":\"https:\\\/\\\/tampereenkauppakamari.fi\\\/\"},{\"@type\":\"ListItem\",\"position\":2,\"name\":\"Kauppakamarikysely: Yh\u00e4 harvempi yritys rekrytoi kansainv\u00e4lisi\u00e4 osaajia: \u201dOngelmana ei ole halu tai asenne, vaan k\u00e4yt\u00e4nn\u00f6n esteet\u201d\"}]},{\"@type\":\"WebSite\",\"@id\":\"https:\\\/\\\/tampereenkauppakamari.fi\\\/#website\",\"url\":\"https:\\\/\\\/tampereenkauppakamari.fi\\\/\",\"name\":\"Tampereen kauppakamari\",\"description\":\"\",\"publisher\":{\"@id\":\"https:\\\/\\\/tampereenkauppakamari.fi\\\/#organization\"},\"potentialAction\":[{\"@type\":\"SearchAction\",\"target\":{\"@type\":\"EntryPoint\",\"urlTemplate\":\"https:\\\/\\\/tampereenkauppakamari.fi\\\/?s={search_term_string}\"},\"query-input\":{\"@type\":\"PropertyValueSpecification\",\"valueRequired\":true,\"valueName\":\"search_term_string\"}}],\"inLanguage\":\"en-US\"},{\"@type\":\"Organization\",\"@id\":\"https:\\\/\\\/tampereenkauppakamari.fi\\\/#organization\",\"name\":\"Tampereen kauppakamari\",\"url\":\"https:\\\/\\\/tampereenkauppakamari.fi\\\/\",\"logo\":{\"@type\":\"ImageObject\",\"inLanguage\":\"en-US\",\"@id\":\"https:\\\/\\\/tampereenkauppakamari.fi\\\/#\\\/schema\\\/logo\\\/image\\\/\",\"url\":\"https:\\\/\\\/tampereenkauppakamari.fi\\\/wp-content\\\/uploads\\\/2024\\\/03\\\/cropped-cropped-cropped-TKK-logo.png\",\"contentUrl\":\"https:\\\/\\\/tampereenkauppakamari.fi\\\/wp-content\\\/uploads\\\/2024\\\/03\\\/cropped-cropped-cropped-TKK-logo.png\",\"width\":1780,\"height\":496,\"caption\":\"Tampereen kauppakamari\"},\"image\":{\"@id\":\"https:\\\/\\\/tampereenkauppakamari.fi\\\/#\\\/schema\\\/logo\\\/image\\\/\"},\"sameAs\":[\"https:\\\/\\\/www.facebook.com\\\/tampereenkauppakamar\"]},{\"@type\":\"Person\",\"@id\":\"https:\\\/\\\/tampereenkauppakamari.fi\\\/#\\\/schema\\\/person\\\/348314e6862380df4af1d249d9619161\",\"name\":\"Elli Tawast\",\"sameAs\":[\"http:\\\/\\\/tampereenkauppakamari.fi\"],\"url\":\"https:\\\/\\\/tampereenkauppakamari.fi\\\/en\\\/author\\\/elli-tawast\\\/\"}]}<\/script>\n<!-- \/ Yoast SEO plugin. -->","yoast_head_json":{"title":"Kauppakamarikysely: Yh\u00e4 harvempi yritys rekrytoi kansainv\u00e4lisi\u00e4 osaajia: \u201dOngelmana ei ole halu tai asenne, vaan k\u00e4yt\u00e4nn\u00f6n esteet\u201d -","robots":{"index":"index","follow":"follow","max-snippet":"max-snippet:-1","max-image-preview":"max-image-preview:large","max-video-preview":"max-video-preview:-1"},"canonical":"https:\/\/tampereenkauppakamari.fi\/en\/kauppakamarikysely-yha-harvempi-yritys-rekrytoi-kansainvalisia-osaajia-ongelmana-ei-ole-halu-tai-asenne-vaan-kaytannon-esteet\/","og_locale":"en_US","og_type":"article","og_title":"Kauppakamarikysely: Yh\u00e4 harvempi yritys rekrytoi kansainv\u00e4lisi\u00e4 osaajia: \u201dOngelmana ei ole halu tai asenne, vaan k\u00e4yt\u00e4nn\u00f6n esteet\u201d -","og_description":"Vain noin joka nelj\u00e4s yritys on rekrytoinut kansainv\u00e4lisi\u00e4 osaajia viiden viime vuoden aikana, mutta niit\u00e4 tehneet yritykset arvioivat kokemuksensa p\u00e4\u00e4osin my\u00f6nteisiksi, k\u00e4y ilmi kauppakamarien osaajakyselyst\u00e4.","og_url":"https:\/\/tampereenkauppakamari.fi\/en\/kauppakamarikysely-yha-harvempi-yritys-rekrytoi-kansainvalisia-osaajia-ongelmana-ei-ole-halu-tai-asenne-vaan-kaytannon-esteet\/","article_publisher":"https:\/\/www.facebook.com\/tampereenkauppakamar","article_published_time":"2026-09-02T08:06:56+00:00","article_modified_time":"2026-09-02T08:06:57+00:00","og_image":[{"width":700,"height":400,"url":"https:\/\/tampereenkauppakamari.fi\/wp-content\/uploads\/2026\/08\/Osaajakysely-700x400-1.png","type":"image\/png"}],"author":"Elli Tawast","twitter_card":"summary_large_image","twitter_misc":{"Written by":"Elli Tawast","Est. reading time":"4 minutes"},"schema":{"@context":"https:\/\/schema.org","@graph":[{"@type":"Article","@id":"https:\/\/tampereenkauppakamari.fi\/kauppakamarikysely-yha-harvempi-yritys-rekrytoi-kansainvalisia-osaajia-ongelmana-ei-ole-halu-tai-asenne-vaan-kaytannon-esteet\/#article","isPartOf":{"@id":"https:\/\/tampereenkauppakamari.fi\/kauppakamarikysely-yha-harvempi-yritys-rekrytoi-kansainvalisia-osaajia-ongelmana-ei-ole-halu-tai-asenne-vaan-kaytannon-esteet\/"},"author":{"name":"Elli Tawast","@id":"https:\/\/tampereenkauppakamari.fi\/#\/schema\/person\/348314e6862380df4af1d249d9619161"},"headline":"Kauppakamarikysely: Yh\u00e4 harvempi yritys rekrytoi kansainv\u00e4lisi\u00e4 osaajia: \u201dOngelmana ei ole halu tai asenne, vaan k\u00e4yt\u00e4nn\u00f6n esteet\u201d","datePublished":"2026-09-02T08:06:56+00:00","dateModified":"2026-09-02T08:06:57+00:00","mainEntityOfPage":{"@id":"https:\/\/tampereenkauppakamari.fi\/kauppakamarikysely-yha-harvempi-yritys-rekrytoi-kansainvalisia-osaajia-ongelmana-ei-ole-halu-tai-asenne-vaan-kaytannon-esteet\/"},"wordCount":515,"publisher":{"@id":"https:\/\/tampereenkauppakamari.fi\/#organization"},"image":{"@id":"https:\/\/tampereenkauppakamari.fi\/kauppakamarikysely-yha-harvempi-yritys-rekrytoi-kansainvalisia-osaajia-ongelmana-ei-ole-halu-tai-asenne-vaan-kaytannon-esteet\/#primaryimage"},"thumbnailUrl":"https:\/\/tampereenkauppakamari.fi\/wp-content\/uploads\/2026\/08\/Osaajakysely-700x400-1.png","keywords":["kansainv\u00e4lisyys","kauppakamarikysely","osaajakysely","rekrytoinnit"],"articleSection":["Uutiset"],"inLanguage":"en-US"},{"@type":"WebPage","@id":"https:\/\/tampereenkauppakamari.fi\/kauppakamarikysely-yha-harvempi-yritys-rekrytoi-kansainvalisia-osaajia-ongelmana-ei-ole-halu-tai-asenne-vaan-kaytannon-esteet\/","url":"https:\/\/tampereenkauppakamari.fi\/kauppakamarikysely-yha-harvempi-yritys-rekrytoi-kansainvalisia-osaajia-ongelmana-ei-ole-halu-tai-asenne-vaan-kaytannon-esteet\/","name":"Kauppakamarikysely: Yh\u00e4 harvempi yritys rekrytoi kansainv\u00e4lisi\u00e4 osaajia: \u201dOngelmana ei ole halu tai asenne, vaan k\u00e4yt\u00e4nn\u00f6n esteet\u201d -","isPartOf":{"@id":"https:\/\/tampereenkauppakamari.fi\/#website"},"primaryImageOfPage":{"@id":"https:\/\/tampereenkauppakamari.fi\/kauppakamarikysely-yha-harvempi-yritys-rekrytoi-kansainvalisia-osaajia-ongelmana-ei-ole-halu-tai-asenne-vaan-kaytannon-esteet\/#primaryimage"},"image":{"@id":"https:\/\/tampereenkauppakamari.fi\/kauppakamarikysely-yha-harvempi-yritys-rekrytoi-kansainvalisia-osaajia-ongelmana-ei-ole-halu-tai-asenne-vaan-kaytannon-esteet\/#primaryimage"},"thumbnailUrl":"https:\/\/tampereenkauppakamari.fi\/wp-content\/uploads\/2026\/08\/Osaajakysely-700x400-1.png","datePublished":"2026-09-02T08:06:56+00:00","dateModified":"2026-09-02T08:06:57+00:00","breadcrumb":{"@id":"https:\/\/tampereenkauppakamari.fi\/kauppakamarikysely-yha-harvempi-yritys-rekrytoi-kansainvalisia-osaajia-ongelmana-ei-ole-halu-tai-asenne-vaan-kaytannon-esteet\/#breadcrumb"},"inLanguage":"en-US","potentialAction":[{"@type":"ReadAction","target":["https:\/\/tampereenkauppakamari.fi\/kauppakamarikysely-yha-harvempi-yritys-rekrytoi-kansainvalisia-osaajia-ongelmana-ei-ole-halu-tai-asenne-vaan-kaytannon-esteet\/"]}]},{"@type":"ImageObject","inLanguage":"en-US","@id":"https:\/\/tampereenkauppakamari.fi\/kauppakamarikysely-yha-harvempi-yritys-rekrytoi-kansainvalisia-osaajia-ongelmana-ei-ole-halu-tai-asenne-vaan-kaytannon-esteet\/#primaryimage","url":"https:\/\/tampereenkauppakamari.fi\/wp-content\/uploads\/2026\/08\/Osaajakysely-700x400-1.png","contentUrl":"https:\/\/tampereenkauppakamari.fi\/wp-content\/uploads\/2026\/08\/Osaajakysely-700x400-1.png","width":700,"height":400},{"@type":"BreadcrumbList","@id":"https:\/\/tampereenkauppakamari.fi\/kauppakamarikysely-yha-harvempi-yritys-rekrytoi-kansainvalisia-osaajia-ongelmana-ei-ole-halu-tai-asenne-vaan-kaytannon-esteet\/#breadcrumb","itemListElement":[{"@type":"ListItem","position":1,"name":"Home","item":"https:\/\/tampereenkauppakamari.fi\/"},{"@type":"ListItem","position":2,"name":"Kauppakamarikysely: Yh\u00e4 harvempi yritys rekrytoi kansainv\u00e4lisi\u00e4 osaajia: \u201dOngelmana ei ole halu tai asenne, vaan k\u00e4yt\u00e4nn\u00f6n esteet\u201d"}]},{"@type":"WebSite","@id":"https:\/\/tampereenkauppakamari.fi\/#website","url":"https:\/\/tampereenkauppakamari.fi\/","name":"***","description":"","publisher":{"@id":"https:\/\/tampereenkauppakamari.fi\/#organization"},"potentialAction":[{"@type":"SearchAction","target":{"@type":"EntryPoint","urlTemplate":"https:\/\/tampereenkauppakamari.fi\/?s={search_term_string}"},"query-input":{"@type":"PropertyValueSpecification","valueRequired":true,"valueName":"search_term_string"}}],"inLanguage":"en-US"},{"@type":"Organization","@id":"https:\/\/tampereenkauppakamari.fi\/#organization","name":"***","url":"https:\/\/tampereenkauppakamari.fi\/","logo":{"@type":"ImageObject","inLanguage":"en-US","@id":"https:\/\/tampereenkauppakamari.fi\/#\/schema\/logo\/image\/","url":"https:\/\/tampereenkauppakamari.fi\/wp-content\/uploads\/2024\/03\/cropped-cropped-cropped-TKK-logo.png","contentUrl":"https:\/\/tampereenkauppakamari.fi\/wp-content\/uploads\/2024\/03\/cropped-cropped-cropped-TKK-logo.png","width":1780,"height":496,"caption":"Tampereen kauppakamari"},"image":{"@id":"https:\/\/tampereenkauppakamari.fi\/#\/schema\/logo\/image\/"},"sameAs":["https:\/\/www.facebook.com\/tampereenkauppakamar"]},{"@type":"Person","@id":"https:\/\/tampereenkauppakamari.fi\/#\/schema\/person\/348314e6862380df4af1d249d9619161","name":"Elli Tawast","sameAs":["http:\/\/tampereenkauppakamari.fi"],"url":"https:\/\/tampereenkauppakamari.fi\/en\/author\/elli-tawast\/"}]}},"uagb_featured_image_src":{"full":["https:\/\/tampereenkauppakamari.fi\/wp-content\/uploads\/2026\/08\/Osaajakysely-700x400-1.png",700,400,false],"thumbnail":["https:\/\/tampereenkauppakamari.fi\/wp-content\/uploads\/2026\/08\/Osaajakysely-700x400-1-150x150.png",150,150,true],"medium":["https:\/\/tampereenkauppakamari.fi\/wp-content\/uploads\/2026\/08\/Osaajakysely-700x400-1-300x171.png",300,171,true],"medium_large":["https:\/\/tampereenkauppakamari.fi\/wp-content\/uploads\/2026\/08\/Osaajakysely-700x400-1.png",700,400,false],"large":["https:\/\/tampereenkauppakamari.fi\/wp-content\/uploads\/2026\/08\/Osaajakysely-700x400-1.png",700,400,false],"1536x1536":["https:\/\/tampereenkauppakamari.fi\/wp-content\/uploads\/2026\/08\/Osaajakysely-700x400-1.png",700,400,false],"2048x2048":["https:\/\/tampereenkauppakamari.fi\/wp-content\/uploads\/2026\/08\/Osaajakysely-700x400-1.png",700,400,false],"trp-custom-language-flag":["https:\/\/tampereenkauppakamari.fi\/wp-content\/uploads\/2026\/08\/Osaajakysely-700x400-1-18x10.png",18,10,true],"calendar-event":["https:\/\/tampereenkauppakamari.fi\/wp-content\/uploads\/2026\/08\/Osaajakysely-700x400-1-384x195.png",384,195,true],"calendar-event-2x":["https:\/\/tampereenkauppakamari.fi\/wp-content\/uploads\/2026\/08\/Osaajakysely-700x400-1-700x390.png",700,390,true]},"uagb_author_info":{"display_name":"Elli Tawast","author_link":"https:\/\/tampereenkauppakamari.fi\/en\/author\/elli-tawast\/"},"uagb_comment_info":0,"uagb_excerpt":"Vain noin joka nelj\u00e4s yritys on rekrytoinut kansainv\u00e4lisi\u00e4 osaajia viiden viime vuoden aikana, mutta niit\u00e4 tehneet yritykset arvioivat kokemuksensa p\u00e4\u00e4osin my\u00f6nteisiksi, k\u00e4y ilmi kauppakamarien osaajakyselyst\u00e4.","_links":{"self":[{"href":"https:\/\/tampereenkauppakamari.fi\/en\/wp-json\/wp\/v2\/posts\/12291","targetHints":{"allow":["GET"]}}],"collection":[{"href":"https:\/\/tampereenkauppakamari.fi\/en\/wp-json\/wp\/v2\/posts"}],"about":[{"href":"https:\/\/tampereenkauppakamari.fi\/en\/wp-json\/wp\/v2\/types\/post"}],"author":[{"embeddable":true,"href":"https:\/\/tampereenkauppakamari.fi\/en\/wp-json\/wp\/v2\/users\/24"}],"replies":[{"embeddable":true,"href":"https:\/\/tampereenkauppakamari.fi\/en\/wp-json\/wp\/v2\/comments?post=12291"}],"version-history":[{"count":7,"href":"https:\/\/tampereenkauppakamari.fi\/en\/wp-json\/wp\/v2\/posts\/12291\/revisions"}],"predecessor-version":[{"id":12303,"href":"https:\/\/tampereenkauppakamari.fi\/en\/wp-json\/wp\/v2\/posts\/12291\/revisions\/12303"}],"wp:featuredmedia":[{"embeddable":true,"href":"https:\/\/tampereenkauppakamari.fi\/en\/wp-json\/wp\/v2\/media\/12292"}],"wp:attachment":[{"href":"https:\/\/tampereenkauppakamari.fi\/en\/wp-json\/wp\/v2\/media?parent=12291"}],"wp:term":[{"taxonomy":"category","embeddable":true,"href":"https:\/\/tampereenkauppakamari.fi\/en\/wp-json\/wp\/v2\/categories?post=12291"},{"taxonomy":"post_tag","embeddable":true,"href":"https:\/\/tampereenkauppakamari.fi\/en\/wp-json\/wp\/v2\/tags?post=12291"}],"curies":[{"name":"wp","href":"https:\/\/api.w.org\/{rel}","templated":true}]}}